{"id":339272,"date":"2025-08-23T20:58:11","date_gmt":"2025-08-23T20:58:11","guid":{"rendered":"https:\/\/www.europesays.com\/fr\/339272\/"},"modified":"2025-08-23T20:58:11","modified_gmt":"2025-08-23T20:58:11","slug":"qui-sont-les-invites-de-ce-samedi-23-aout","status":"publish","type":"post","link":"https:\/\/www.europesays.com\/fr\/339272\/","title":{"rendered":"qui sont les invit\u00e9s de ce samedi 23 ao\u00fbt ?"},"content":{"rendered":"<p style=\"text-align:justify; margin-bottom:11px\">La 36e saison de\u00a0Fort Boyard\u00a0se poursuit sur France 2 et la plateforme france.tv. Une 36e saison plac\u00e9e sous le signe des \u00ab\u00a0origines\u00a0\u00bb, puisqu\u2019elle met notamment en avant des personnages et des \u00e9preuves embl\u00e9matiques de l\u2019\u00e9mission. Ce samedi 23 ao\u00fbt, l\u2019animateur\u00a0<a href=\"https:\/\/www.diverto.tv\/actualites\/tele\/olivier-minne-etait-tres-emu-un-candidat-raconte-les-coulisses-de-la-derniere-saison-du-presentateur-dans-fort-boyard\" rel=\"nofollow noopener\" target=\"_blank\">Olivier Minne<\/a>\u00a0accueille une nouvelle \u00e9quipe, conduite par l\u2019animatrice de t\u00e9l\u00e9vision Camille Cerf, qui fut Miss France 2015. Cette derni\u00e8re est accompagn\u00e9e d&rsquo;Azzedine Ahmed-Chaouch, journaliste, L\u00e9a Fran\u00e7ois et Mayane, com\u00e9diennes, Diane Leyre, Miss France 2022, et <a href=\"https:\/\/www.diverto.tv\/actualites\/tele\/danse-avec-les-stars-christophe-licata-ne-peut-pas-dire-sil-sera-dans-la-prochaine-saison\" rel=\"nofollow noopener\" target=\"_blank\">Christophe Licata<\/a>, danseur et chor\u00e9graphe, vu dans Danse avec les stars, o\u00f9, durant la saison 14, il a concouru avec Mayane. L\u2019\u00e9quipe repr\u00e9sente Les Bonnes F\u00e9es, association notamment port\u00e9e par Camille Cerf et Diane Leyre. Dans un communiqu\u00e9 de presse, France T\u00e9l\u00e9visions pr\u00e9sente l\u2019association\u00a0: \u00ab\u00a0Les Bonnes F\u00e9es est une association cr\u00e9\u00e9e en 2015 par d\u2019anciennes Miss France et pr\u00e9sid\u00e9e par Sylvie Tellier. L\u2019association s\u2019engage aupr\u00e8s des femmes en situation de pr\u00e9carit\u00e9 ou atteintes du cancer. Elle a ouvert trois Maisons des Bonnes F\u00e9es dans les h\u00f4pitaux \u00e0 Lyon, Lille et Montpellier, offrant des soins de socio-esth\u00e9tique et des ateliers de bien-\u00eatre pour accompagner les patientes tout au long de leur parcours\u00a0\u00bb.\u00a0<\/p>\n<p>Entrer dans le fort, la premi\u00e8re \u00e9tape<\/p>\n<p>Dans l\u2019\u00e9pisode de ce samedi 23 ao\u00fbt, o\u00f9 Camille Cerf endosse pour la premi\u00e8re fois le r\u00f4le de capitaine, l\u2019\u00e9quipe tentera \u00e9videmment de d\u00e9crocher le maximum de boyards pour l\u2019association. Rappelons que, \u00e0 ce jour, le record de gains de la saison 2025 a \u00e9t\u00e9 d\u00e9croch\u00e9 par\u00a0<a href=\"https:\/\/www.diverto.tv\/actualites\/tele\/fort-boyard-pourquoi-stephane-bern-a-finalement-accepte-de-participer-a-lemission-de-france-2\" rel=\"nofollow noopener\" target=\"_blank\">l\u2019\u00e9quipe de St\u00e9phane Bern<\/a>, qui avait remport\u00e9, lors du num\u00e9ro diffus\u00e9 le 19 juillet dernier, 20.538 \u20ac. St\u00e9phane Bern \u00e9tait alors entour\u00e9 de\u00a0Fr\u00e9d\u00e9rick Bousquet, Virginie Sainsily, Marie s\u2019infiltre, Jimmy Mohamed, et Th\u00e9o Curin. Pour l\u2019heure, il faudra d\u2019abord r\u00e9ussir \u00e0 entrer dans le fort. Pour cela, il faudra escalader une fa\u00e7ade de la b\u00e2tisse pour rejoindre la vigie du P\u00e8re Fouras, et, sur place, r\u00e9soudre une \u00e9nigme. Une \u00e9tape \u00e0 effectuer le plus vite possible, car le temps qu\u2019elle n\u00e9cessitera sera d\u00e9compt\u00e9 du temps pour r\u00e9colter les sept cl\u00e9s. Quel candidat s\u2019y attellera\u00a0?<\/p>\n<p><a href=\"https:\/\/www.diverto.tv\/actualites\/tele\/fort-boyard-2025-quelle-somme-les-candidats-ont-ils-remportee-ce-samedi-2-aout\" rel=\"nofollow noopener\" target=\"_blank\">Fort Boyard\u00a0<\/a>est diffus\u00e9 chaque samedi sur France 2, \u00e0 21h10, et est disponible sur la plateforme france.tv. Le programme est pr\u00e9sent\u00e9 par Olivier Minne, qui quittera \u00e0 la fin de cette saison le jeu qu\u2019il portait depuis 22 ans.\u00a0<\/p>\n","protected":false},"excerpt":{"rendered":"La 36e saison de\u00a0Fort Boyard\u00a0se poursuit sur France 2 et la plateforme france.tv. Une 36e saison plac\u00e9e sous&hellip;\n","protected":false},"author":2,"featured_media":276121,"comment_status":"","ping_status":"","sticky":false,"template":"","format":"standard","meta":{"footnotes":""},"categories":[1356],"tags":[58,59,1011,27,252,1364],"class_list":{"0":"post-339272","1":"post","2":"type-post","3":"status-publish","4":"format-standard","5":"has-post-thumbnail","7":"category-television","8":"tag-divertissement","9":"tag-entertainment","10":"tag-fr","11":"tag-france","12":"tag-television","13":"tag-tv"},"share_on_mastodon":{"url":"https:\/\/pubeurope.com\/@fr\/115080089075556285","error":""},"_links":{"self":[{"href":"https:\/\/www.europesays.com\/fr\/wp-json\/wp\/v2\/posts\/339272","targetHints":{"allow":["GET"]}}],"collection":[{"href":"https:\/\/www.europesays.com\/fr\/wp-json\/wp\/v2\/posts"}],"about":[{"href":"https:\/\/www.europesays.com\/fr\/wp-json\/wp\/v2\/types\/post"}],"author":[{"embeddable":true,"href":"https:\/\/www.europesays.com\/fr\/wp-json\/wp\/v2\/users\/2"}],"replies":[{"embeddable":true,"href":"https:\/\/www.europesays.com\/fr\/wp-json\/wp\/v2\/comments?post=339272"}],"version-history":[{"count":0,"href":"https:\/\/www.europesays.com\/fr\/wp-json\/wp\/v2\/posts\/339272\/revisions"}],"wp:featuredmedia":[{"embeddable":true,"href":"https:\/\/www.europesays.com\/fr\/wp-json\/wp\/v2\/media\/276121"}],"wp:attachment":[{"href":"https:\/\/www.europesays.com\/fr\/wp-json\/wp\/v2\/media?parent=339272"}],"wp:term":[{"taxonomy":"category","embeddable":true,"href":"https:\/\/www.europesays.com\/fr\/wp-json\/wp\/v2\/categories?post=339272"},{"taxonomy":"post_tag","embeddable":true,"href":"https:\/\/www.europesays.com\/fr\/wp-json\/wp\/v2\/tags?post=339272"}],"curies":[{"name":"wp","href":"https:\/\/api.w.org\/{rel}","templated":true}]}}