{"id":339273,"date":"2025-08-23T20:59:13","date_gmt":"2025-08-23T20:59:13","guid":{"rendered":"https:\/\/www.europesays.com\/fr\/339273\/"},"modified":"2025-08-23T20:59:13","modified_gmt":"2025-08-23T20:59:13","slug":"en-images-a-benodet-un-dernier-concert-de-la-butte-du-fort-place-sous-le-signe-de-lamour-et-lemotion-autour-de-gilbert-montagne","status":"publish","type":"post","link":"https:\/\/www.europesays.com\/fr\/339273\/","title":{"rendered":"[EN IMAGES] \u00c0 B\u00e9nodet, un dernier concert de la Butte du Fort plac\u00e9 sous le signe de l\u2019amour et l\u2019\u00e9motion autour de Gilbert Montagn\u00e9"},"content":{"rendered":"<p>Vendredi 22 ao\u00fbt au soir, \u00e0 l\u2019occasion du dernier concert gratuit de la butte du Fort \u00e0 B\u00e9nodet, l\u2019ambiance \u00e9tait au summum avec deux artistes qui ont litt\u00e9ralement enflamm\u00e9 la butte. Beaucoup d\u2019amour et d\u2019\u00e9motion pour cette derni\u00e8re soir\u00e9e estivale qui a rassembl\u00e9 plusieurs milliers de personnes.<\/p>\n<p>La premi\u00e8re partie a \u00e9t\u00e9 intense avec Aur\u00e9lien Vivos, le gagnant de l\u2019\u00e9mission crochet The Voice en 2023. Le jeune homme a impressionn\u00e9 la foule par la puissance de sa voix et sa gentillesse qui transparaissait dans ses chansons, dans sa gestuelle et sa mani\u00e8re aussi de s\u2019adresser au public, racontant des anecdotes \u00e9mouvantes sur ses rencontres, notamment avec Didier Barbelivien avec qui il a \u00e9crit une chanson en hommage \u00e0 Johnny Hallyday.<\/p>\n<p>La foule scande \u00ab\u00a0Gilbert, Gilbert\u00a0\u00bb<\/p>\n<p>Il a interpr\u00e9t\u00e9 des grands classiques des vari\u00e9t\u00e9s fran\u00e7aises, notamment une chanson de Daniel Balavoine. Il sera d\u2019ailleurs l\u2019une des t\u00eates d\u2019affiche de la tourn\u00e9e hommage \u00e0 Daniel Balavoine qui va d\u00e9buter d\u00e8s l\u2019ann\u00e9e prochaine. \u00ab\u00a0Je suis vraiment tr\u00e8s fier d\u2019avoir \u00e9t\u00e9 choisi pour cet hommage \u00e0 ce grand chanteur\u00a0\u00bb. On a senti durant tout son concert la joie qu\u2019il avait d\u2019\u00eatre \u00e0 B\u00e9nodet. \u00c0 l\u2019issue de son spectacle, Aur\u00e9lien Vivos s\u2019est pr\u00eat\u00e9 avec une grande gentillesse \u00e0 des s\u00e9ances de d\u00e9dicace avec les fans qui l\u2019attendaient \u00e0 la sortie de la loge. Selfies et signatures sur son album se sont encha\u00een\u00e9s pour la plus grande joie des gens, certains venant de loin pour le saluer.<\/p>\n<p>On l\u2019attendait tous, les gens \u00e9taient venus tr\u00e8s nombreux <a href=\"https:\/\/www.letelegramme.fr\/finistere\/benodet-29950\/un-show-d1-h-45-avec-tous-les-grands-classiques-gilbert-montagne-clot-vendredi-22-aout-les-concerts-de-la-butte-du-fort-a-benodet-6874272.php\" title=\"www.letelegramme.fr\" target=\"_blank\" rel=\"noopener\">pour retrouver et applaudir la star Gilbert Montagn\u00e9<\/a>, qui a fait une entr\u00e9e triomphale sur sc\u00e8ne, accompagn\u00e9 de ses choristes et de ses musiciens, acclam\u00e9 par la foule scandant son pr\u00e9nom. Infatigable, l\u2019artiste a fait un show pendant plus d\u2019une heure et demie encha\u00eenant des chansons romantiques puis de plus en plus rythm\u00e9es.<\/p>\n","protected":false},"excerpt":{"rendered":"Vendredi 22 ao\u00fbt au soir, \u00e0 l\u2019occasion du dernier concert gratuit de la butte du Fort \u00e0 B\u00e9nodet,&hellip;\n","protected":false},"author":2,"featured_media":339274,"comment_status":"","ping_status":"","sticky":false,"template":"","format":"standard","meta":{"footnotes":""},"categories":[1355],"tags":[37083,58,59,5127,1011,27,1361,873,3319],"class_list":{"0":"post-339273","1":"post","2":"type-post","3":"status-publish","4":"format-standard","5":"has-post-thumbnail","7":"category-musique","8":"tag-benodet","9":"tag-divertissement","10":"tag-entertainment","11":"tag-fouesnant","12":"tag-fr","13":"tag-france","14":"tag-music","15":"tag-musique","16":"tag-quimper"},"share_on_mastodon":{"url":"https:\/\/pubeurope.com\/@fr\/115080093117836328","error":""},"_links":{"self":[{"href":"https:\/\/www.europesays.com\/fr\/wp-json\/wp\/v2\/posts\/339273","targetHints":{"allow":["GET"]}}],"collection":[{"href":"https:\/\/www.europesays.com\/fr\/wp-json\/wp\/v2\/posts"}],"about":[{"href":"https:\/\/www.europesays.com\/fr\/wp-json\/wp\/v2\/types\/post"}],"author":[{"embeddable":true,"href":"https:\/\/www.europesays.com\/fr\/wp-json\/wp\/v2\/users\/2"}],"replies":[{"embeddable":true,"href":"https:\/\/www.europesays.com\/fr\/wp-json\/wp\/v2\/comments?post=339273"}],"version-history":[{"count":0,"href":"https:\/\/www.europesays.com\/fr\/wp-json\/wp\/v2\/posts\/339273\/revisions"}],"wp:featuredmedia":[{"embeddable":true,"href":"https:\/\/www.europesays.com\/fr\/wp-json\/wp\/v2\/media\/339274"}],"wp:attachment":[{"href":"https:\/\/www.europesays.com\/fr\/wp-json\/wp\/v2\/media?parent=339273"}],"wp:term":[{"taxonomy":"category","embeddable":true,"href":"https:\/\/www.europesays.com\/fr\/wp-json\/wp\/v2\/categories?post=339273"},{"taxonomy":"post_tag","embeddable":true,"href":"https:\/\/www.europesays.com\/fr\/wp-json\/wp\/v2\/tags?post=339273"}],"curies":[{"name":"wp","href":"https:\/\/api.w.org\/{rel}","templated":true}]}}