{"id":339279,"date":"2025-08-23T21:02:08","date_gmt":"2025-08-23T21:02:08","guid":{"rendered":"https:\/\/www.europesays.com\/fr\/339279\/"},"modified":"2025-08-23T21:02:08","modified_gmt":"2025-08-23T21:02:08","slug":"ligue-2-les-notes-de-lasse-face-a-lus-boulogne-co-les-verts-enchainent-sur-la-pelouse-de-lusbco-made-in-saint-etienne","status":"publish","type":"post","link":"https:\/\/www.europesays.com\/fr\/339279\/","title":{"rendered":"Ligue 2 &#8211; Les notes de l&#039;ASSE face \u00e0 l&#039;US Boulogne CO : les Verts encha\u00eenent sur la pelouse de l&#039;USBCO ! &#8211; Made in Saint-Etienne"},"content":{"rendered":"<ol>\n<li><a href=\"https:\/\/news.google.com\/rss\/articles\/CBMi_AFBVV95cUxOTG9VS094ZTk4THdRN19ETk9fOVhHbGZxSGxiWERrWG95QkRfb0Y5bWZ3TFMtNlVHeHowcmhMb0FJaEd3Uk9sbFlBS2RJc3g4bnYxV1JldGl3SHlTcWVXbWtFN3FOTFZHMlNnUkxyV0puYmtOVmczeTFHM19rS21ZRlh2WXFfanNLQ2ZraXZUWUQ5OVg1bWozR2R3ZEFrQ3NJdkV3VTdia01uUTcwSGpfUTNJRElWY2VzUnNtNTdjSVlXNTJNT3RDVTRLZmw4ejhQOVRqSHlPR0k2VDNzb0Q5bHkxLWpxYlhEQlVVM1NWRy1kamhvSHA1UDhiWkw?oc=5\" target=\"_blank\" rel=\"nofollow noopener\">Ligue 2 &#8211; Les notes de l&rsquo;ASSE face \u00e0 l&rsquo;US Boulogne CO : les Verts encha\u00eenent sur la pelouse de l&rsquo;USBCO !<\/a>&nbsp;&nbsp;Made in Saint-Etienne<\/li>\n<li><a href=\"https:\/\/news.google.com\/rss\/articles\/CBMiwwFBVV95cUxOQ2Fqdk9Ockw4QUlOdFpTNnQwOGRJcEtEblVZd3h4bDQ0b3p2WU11MlNuV0hlczFidE1Odjc0bTFma0hiX0l6MlBQX1NrQ3g5SXFXUkctQ01NcFZMNDBIUEtWd1E2WnhoZWlUMUFFeFpRanBXTmpPMFZ6Rzk3Nlpqc2piR1A2b3ExN2RJemNEcGw4RUJCTzdPbXBLWlhRSVZPYld2RWRvWW43UVBtTzRwZlF0QmlxOFpwUU9UQTVKVmZQN0E?oc=5\" target=\"_blank\" rel=\"nofollow noopener\">Saint-Etienne fait plier Boulogne-sur-Mer et reprend la t\u00eate de la Ligue 2<\/a>&nbsp;&nbsp;L&rsquo;\u00c9quipe<\/li>\n<li><a href=\"https:\/\/news.google.com\/rss\/articles\/CBMiwwFBVV95cUxOWTh2NWRDWEZwdnFWYVRoalNHU1JKeDF6b1RYQTNwdkhaY2FGMnRuQjNQbzhHbGtEblJkMnZ0QWZJdTdka2tDOFZ2MzEtTXpqQnpHQmtnNzNRVTFUdnRkYzFISlpvQUdGclVReml2bnFISnJ4aVltcWg2eldjZDFQdTVOOU01S3FDQkIzcF9oM1RrVXlxQTQtb1JyTTg1U1RzSmNxem03WlBFc1Y1RXlTZzZYcjN6WGo4aUlmS19Pa3BIZlnSAcIBQVVfeXFMUGVNSTBFbFNlNDYxanpkZHdzSlA3cTEzcnZsTFlkS3d0WC1HVTE1LXMwOU5wTUZDNktjNXQzRTkyRXB1RUZXRXZ3OXppVVduc0lRd01pZzRZZVpXMF9DMTVVR255VEFWQ0VkMXJZclI2Yk9mdTdIcWt4VVJNbC1VcTczUGJmbXRTdWp3QUNuSThUUFl1VFR2dFJ6aE5sei1scWFkRVIxUFg2RnQzY0pYQnRaM0VCZTJvRWNpcGN2VXgtYVE?oc=5\" target=\"_blank\" rel=\"nofollow noopener\">Ligue 2 (J3) : Saint-Etienne prend les commandes \u00e0 Boulogne<\/a>&nbsp;&nbsp;Orange Actualit\u00e9s | Sports<\/li>\n<li><a href=\"https:\/\/news.google.com\/rss\/articles\/CBMiiAFBVV95cUxQc3FvWmNRa3JBc1RvOHg3bkM1cmpPSlFKZ29vV1VqTTdjOEV4Wm85Tm05NmNfdTJycWc2d2ozbk4tMU9tbXN2WUJQZ2NGVU9qbTkzektwaXlJMWhmR25LUUdqdUdWVi1UODBnODU1eGNNNi1LdmZNSXRNR1ZuelZvbGZYZWt4VU1D?oc=5\" target=\"_blank\" rel=\"nofollow noopener\">#USBCOASSE : Les Verts font sauter le verrou Boulonnais<\/a>&nbsp;&nbsp;ASSE<\/li>\n<li><a href=\"https:\/\/news.google.com\/rss\/articles\/CBMisAFBVV95cUxOTGh6UDBjRmh4RHdXTDFkY3hVRjFXUGdyOUZiUkxZZmNEVkFER3BSRlAtNVNiVEVvMnNVbHNyeEcxN0FaNWlHSThZNEdsanlZTWJjUDhKYnhfb2p1TjFLTWN4c1VTbTRrUjJ3SDlWU0hicG1Qd1lncUpubGdvY2VMMnpPMVU2b1o0U0lId3RUbTFvQXJSS2hHeEpEZ21aenM4VDVjZTI5SVVmYVVPekNuSQ?oc=5\" target=\"_blank\" rel=\"nofollow noopener\">Football. Boulogne &#8211; ASSE : les Verts ont gal\u00e9r\u00e9, mais la victoire est l\u00e0<\/a>&nbsp;&nbsp;Le Progr\u00e8s<\/li>\n<\/ol>\n","protected":false},"excerpt":{"rendered":"Ligue 2 &#8211; Les notes de l&rsquo;ASSE face \u00e0 l&rsquo;US Boulogne CO : les Verts encha\u00eenent sur la&hellip;\n","protected":false},"author":2,"featured_media":1445,"comment_status":"","ping_status":"","sticky":false,"template":"","format":"standard","meta":{"footnotes":""},"categories":[9],"tags":[1011,27,60],"class_list":{"0":"post-339279","1":"post","2":"type-post","3":"status-publish","4":"format-standard","5":"has-post-thumbnail","7":"category-sports","8":"tag-fr","9":"tag-france","10":"tag-sports"},"share_on_mastodon":{"url":"https:\/\/pubeurope.com\/@fr\/115080104717518410","error":""},"_links":{"self":[{"href":"https:\/\/www.europesays.com\/fr\/wp-json\/wp\/v2\/posts\/339279","targetHints":{"allow":["GET"]}}],"collection":[{"href":"https:\/\/www.europesays.com\/fr\/wp-json\/wp\/v2\/posts"}],"about":[{"href":"https:\/\/www.europesays.com\/fr\/wp-json\/wp\/v2\/types\/post"}],"author":[{"embeddable":true,"href":"https:\/\/www.europesays.com\/fr\/wp-json\/wp\/v2\/users\/2"}],"replies":[{"embeddable":true,"href":"https:\/\/www.europesays.com\/fr\/wp-json\/wp\/v2\/comments?post=339279"}],"version-history":[{"count":0,"href":"https:\/\/www.europesays.com\/fr\/wp-json\/wp\/v2\/posts\/339279\/revisions"}],"wp:featuredmedia":[{"embeddable":true,"href":"https:\/\/www.europesays.com\/fr\/wp-json\/wp\/v2\/media\/1445"}],"wp:attachment":[{"href":"https:\/\/www.europesays.com\/fr\/wp-json\/wp\/v2\/media?parent=339279"}],"wp:term":[{"taxonomy":"category","embeddable":true,"href":"https:\/\/www.europesays.com\/fr\/wp-json\/wp\/v2\/categories?post=339279"},{"taxonomy":"post_tag","embeddable":true,"href":"https:\/\/www.europesays.com\/fr\/wp-json\/wp\/v2\/tags?post=339279"}],"curies":[{"name":"wp","href":"https:\/\/api.w.org\/{rel}","templated":true}]}}