{"id":339290,"date":"2025-08-23T21:09:26","date_gmt":"2025-08-23T21:09:26","guid":{"rendered":"https:\/\/www.europesays.com\/fr\/339290\/"},"modified":"2025-08-23T21:09:26","modified_gmt":"2025-08-23T21:09:26","slug":"ma-decision-est-maintenant-prise-je-serai-candidat","status":"publish","type":"post","link":"https:\/\/www.europesays.com\/fr\/339290\/","title":{"rendered":"\u00ab\u00a0Ma d\u00e9cision est maintenant prise, je serai candidat\u00a0\u00bb"},"content":{"rendered":"<p>                            Comment se pr\u00e9sentent les prochaines \u00e9lections municipales de mars\u00a02026\u00a0?<\/p>\n<p>\u00ab\u00a0Lors de la pr\u00e9sentation du bilan de mandat, le 19\u00a0juin, j\u2019avais annonc\u00e9 que je souhaitais me repr\u00e9senter mais que j\u2019\u00e9tais en p\u00e9riode de r\u00e9flexion. Ma d\u00e9cision est maintenant prise, je serai candidat. Je veux renouveler le conseil municipal en recrutant des actifs et des jeunes, sans pour autant trop \u00e9carter les anciens, car ce sont eux qui sont disponibles pour faire le boulot.<\/p>\n<p>Je pense que des listes concurrentes se pr\u00e9parent aussi, mais rien ne bougera avant&#8230;<\/p>\n","protected":false},"excerpt":{"rendered":"Comment se pr\u00e9sentent les prochaines \u00e9lections municipales de mars\u00a02026\u00a0? \u00ab\u00a0Lors de la pr\u00e9sentation du bilan de mandat, le&hellip;\n","protected":false},"author":2,"featured_media":339291,"comment_status":"","ping_status":"","sticky":false,"template":"","format":"standard","meta":{"footnotes":""},"categories":[9653],"tags":[1111,11,2430,7539,1777,674,1011,27,12,316,25,4001,9664,15696],"class_list":{"0":"post-339290","1":"post","2":"type-post","3":"status-publish","4":"format-standard","5":"has-post-thumbnail","7":"category-saint-etienne","8":"tag-actu","9":"tag-actualites","10":"tag-auvergne-rhone-alpes","11":"tag-edition-loire-sud","12":"tag-eu","13":"tag-europe","14":"tag-fr","15":"tag-france","16":"tag-news","17":"tag-politique","18":"tag-republique-francaise","19":"tag-saint-etienne","20":"tag-saint-etienne-bassin","21":"tag-saint-priest-en-jarez"},"share_on_mastodon":{"url":"https:\/\/pubeurope.com\/@fr\/115080132337093815","error":""},"_links":{"self":[{"href":"https:\/\/www.europesays.com\/fr\/wp-json\/wp\/v2\/posts\/339290","targetHints":{"allow":["GET"]}}],"collection":[{"href":"https:\/\/www.europesays.com\/fr\/wp-json\/wp\/v2\/posts"}],"about":[{"href":"https:\/\/www.europesays.com\/fr\/wp-json\/wp\/v2\/types\/post"}],"author":[{"embeddable":true,"href":"https:\/\/www.europesays.com\/fr\/wp-json\/wp\/v2\/users\/2"}],"replies":[{"embeddable":true,"href":"https:\/\/www.europesays.com\/fr\/wp-json\/wp\/v2\/comments?post=339290"}],"version-history":[{"count":0,"href":"https:\/\/www.europesays.com\/fr\/wp-json\/wp\/v2\/posts\/339290\/revisions"}],"wp:featuredmedia":[{"embeddable":true,"href":"https:\/\/www.europesays.com\/fr\/wp-json\/wp\/v2\/media\/339291"}],"wp:attachment":[{"href":"https:\/\/www.europesays.com\/fr\/wp-json\/wp\/v2\/media?parent=339290"}],"wp:term":[{"taxonomy":"category","embeddable":true,"href":"https:\/\/www.europesays.com\/fr\/wp-json\/wp\/v2\/categories?post=339290"},{"taxonomy":"post_tag","embeddable":true,"href":"https:\/\/www.europesays.com\/fr\/wp-json\/wp\/v2\/tags?post=339290"}],"curies":[{"name":"wp","href":"https:\/\/api.w.org\/{rel}","templated":true}]}}