{"id":339292,"date":"2025-08-23T21:10:11","date_gmt":"2025-08-23T21:10:11","guid":{"rendered":"https:\/\/www.europesays.com\/fr\/339292\/"},"modified":"2025-08-23T21:10:11","modified_gmt":"2025-08-23T21:10:11","slug":"cest-une-petite-performance-de-la-part-de-lasse","status":"publish","type":"post","link":"https:\/\/www.europesays.com\/fr\/339292\/","title":{"rendered":"C&rsquo;est une petite performance de la part de l&rsquo;ASSE"},"content":{"rendered":"<p><strong>Eirik Horneland :<\/strong> \u00ab\u00a0C\u2019\u00e9tait un match difficile pour nous, il faut saluer la performance de Boulogne. Ils ont \u00e9t\u00e9 tr\u00e8s bien organis\u00e9, ils se sont bien battus, au final ils n\u2019encaissent que deux buts sur leurs deux derniers matchs. On n\u2019a pas respect\u00e9 assez le jeu, on en a pas pas fait assez, c\u2019est une petite performance de notre part.<\/p>\n<p>Quand on attaque ce genre de rencontres, il faut le faire \u00e0 fond d\u00e8s le d\u00e9part avec l\u2019objectif de respecter le jeu avec de l\u2019intensit\u00e9 et la volont\u00e9 de jouer un meilleur football. On a d\u00e9marr\u00e9 de mani\u00e8re trop lente, ce faux rythme ne nous permet pas d\u2019attaquer correctement les ballons dans cette premi\u00e8re p\u00e9riode. On est revenu en seconde p\u00e9riode avec une organisation tactique diff\u00e9rente. C\u2019\u00e9tait mieux mais ce n\u2019\u00e9tait pas non plus une super prestation. On a attaqu\u00e9 un peu plus, on a mis plus de pression sans que ce soit parfait. Ce petit plus a aid\u00e9 \u00e0 remporter le match.<\/p>\n<p>On ne peut pas seulement regarder la victoire, dans le process&rsquo; c\u2019est bien de gagner, d\u2019enchainer, c\u2019est bien de faire un clean sheet. C\u2019est bien d\u2019\u00eatre en premi\u00e8re partie de tableau c\u2019est positif mais on est l\u2019ASSE il faut \u00eatre meilleurs, il faut chercher \u00e0 \u00eatre plus forts. On a des bons joueurs, ils ne l\u2019ont pas assez montr\u00e9 ce soir de mani\u00e8re collective, c\u2019est une bonne performance mais ce n\u2019est pas suffisant pour nous.<\/p>\n<p>Notre prestation s\u2019explique surtout au niveau des manques offensifs et d\u00e9fensifs en mati\u00e8re de contr\u00f4le. Je ne suis pas pleinement satisfait, il faut apporter plus de rythme sur le terrain pour forcer la d\u00e9cision. Apr\u00e8s Rodez, on esp\u00e9rait b\u00e2tir sur cette victoire et avancer, aujourd\u2019hui c\u2019est plut\u00f4t un pas en arri\u00e8re.\u00a0\u00bb<\/p>\n<blockquote class=\"twitter-tweet\">\n<p dir=\"ltr\" lang=\"fr\">Les Verts sont finalement venus \u00e0 bout du bloc bas boulonnais <a href=\"https:\/\/twitter.com\/hashtag\/USBCOASSE?src=hash&amp;ref_src=twsrc%5Etfw\" rel=\"nofollow noopener\" target=\"_blank\">#USBCOASSE<\/a> \u2705 <a href=\"https:\/\/twitter.com\/hashtag\/ASSE?src=hash&amp;ref_src=twsrc%5Etfw\" rel=\"nofollow noopener\" target=\"_blank\">#ASSE<\/a> <a href=\"https:\/\/t.co\/LpigjoHfIL\" rel=\"nofollow\">https:\/\/t.co\/LpigjoHfIL<\/a><\/p>\n<p>\u2014 Envertetcontretous (@Site_Evect) <a href=\"https:\/\/twitter.com\/Site_Evect\/status\/1959343708383355244?ref_src=twsrc%5Etfw\" rel=\"nofollow noopener\" target=\"_blank\">August 23, 2025<\/a><\/p><\/blockquote>\n<p>                  <a href=\"https:\/\/media.unibet.fr\/redirect.aspx?pid=274690&amp;bid=4442\" rel=\"nofollow noopener\" target=\"_blank\"><img decoding=\"async\" src=\"https:\/\/www.europesays.com\/fr\/wp-content\/uploads\/2025\/06\/EVECT10_560x100_V2.gif\" class=\"img-fluid\" alt=\"Pariez sur l'ASSE avec Unibet\" style=\"max-width: auto !important;margin-left: 0 !important;width: 100%;\"\/><\/a><\/p>\n<p>                         <script async src=\"https:\/\/platform.twitter.com\/widgets.js\" charset=\"utf-8\"><\/script><\/p>\n","protected":false},"excerpt":{"rendered":"Eirik Horneland : \u00ab\u00a0C\u2019\u00e9tait un match difficile pour nous, il faut saluer la performance de Boulogne. Ils ont&hellip;\n","protected":false},"author":2,"featured_media":213884,"comment_status":"","ping_status":"","sticky":false,"template":"","format":"standard","meta":{"footnotes":""},"categories":[9653],"tags":[1111,11,2430,1777,674,1011,27,12,25,4001],"class_list":{"0":"post-339292","1":"post","2":"type-post","3":"status-publish","4":"format-standard","5":"has-post-thumbnail","7":"category-saint-etienne","8":"tag-actu","9":"tag-actualites","10":"tag-auvergne-rhone-alpes","11":"tag-eu","12":"tag-europe","13":"tag-fr","14":"tag-france","15":"tag-news","16":"tag-republique-francaise","17":"tag-saint-etienne"},"share_on_mastodon":{"url":"https:\/\/pubeurope.com\/@fr\/115080136458918722","error":""},"_links":{"self":[{"href":"https:\/\/www.europesays.com\/fr\/wp-json\/wp\/v2\/posts\/339292","targetHints":{"allow":["GET"]}}],"collection":[{"href":"https:\/\/www.europesays.com\/fr\/wp-json\/wp\/v2\/posts"}],"about":[{"href":"https:\/\/www.europesays.com\/fr\/wp-json\/wp\/v2\/types\/post"}],"author":[{"embeddable":true,"href":"https:\/\/www.europesays.com\/fr\/wp-json\/wp\/v2\/users\/2"}],"replies":[{"embeddable":true,"href":"https:\/\/www.europesays.com\/fr\/wp-json\/wp\/v2\/comments?post=339292"}],"version-history":[{"count":0,"href":"https:\/\/www.europesays.com\/fr\/wp-json\/wp\/v2\/posts\/339292\/revisions"}],"wp:featuredmedia":[{"embeddable":true,"href":"https:\/\/www.europesays.com\/fr\/wp-json\/wp\/v2\/media\/213884"}],"wp:attachment":[{"href":"https:\/\/www.europesays.com\/fr\/wp-json\/wp\/v2\/media?parent=339292"}],"wp:term":[{"taxonomy":"category","embeddable":true,"href":"https:\/\/www.europesays.com\/fr\/wp-json\/wp\/v2\/categories?post=339292"},{"taxonomy":"post_tag","embeddable":true,"href":"https:\/\/www.europesays.com\/fr\/wp-json\/wp\/v2\/tags?post=339292"}],"curies":[{"name":"wp","href":"https:\/\/api.w.org\/{rel}","templated":true}]}}