{"id":339295,"date":"2025-08-23T21:15:12","date_gmt":"2025-08-23T21:15:12","guid":{"rendered":"https:\/\/www.europesays.com\/fr\/339295\/"},"modified":"2025-08-23T21:15:12","modified_gmt":"2025-08-23T21:15:12","slug":"toulon-nourrices-une-histoire-puissante","status":"publish","type":"post","link":"https:\/\/www.europesays.com\/fr\/339295\/","title":{"rendered":"TOULON : \u00ab\u00a0Nourrices\u00a0\u00bb &#8211; Une histoire puissante"},"content":{"rendered":"<p><strong>Dans la campagne rude et aust\u00e8re, Sylvaine devient nourrice et vend son lait maternel pour sevrer les petits de la ville.<\/strong><br \/>Elle rejoint ainsi ces femmes qui n\u2019ont d\u2019autre choix pour survivre. Sans omettre la nature, la lune comme le vent, qui d\u00e9pose aussi ses enfants dans l\u2019appel troublant de la nuit, ce premier roman est \u00e0 la fois cri, chant et ode aux femmes et \u00e0 la terre nourrici\u00e8res.<\/p>\n<p>Un premier roman fran\u00e7ais exceptionnel, aussi sensuel que bouleversant. A travers les aventures de quelques femmes, on d\u00e9couvre l\u2019incroyable vie des nourrices, ces m\u00e8res invisibles sur lesquelles a repos\u00e9 toute une industrie pendant plusieurs si\u00e8cles.<\/p>\n<p>Dans ce village, c\u2019est du corps des femmes qu\u2019on tire l\u2019argent qui fait vivre les familles. Car ici, on vend une denr\u00e9e pr\u00e9cieuse : le lait maternel. Sylvaine, son propre enfant \u00e0 peine sevr\u00e9, accueille chez elle comme tant d\u2019autres une \u00ab\u00a0petite de la ville\u00a0\u00bb. Mais une nuit, en pleine for\u00eat, elle d\u00e9couvre un b\u00e9b\u00e9 abandonn\u00e9 dans une clairi\u00e8re et \u00e0 ses c\u00f4t\u00e9s un carnet qui raconte son histoire. Elle ne pourrait veiller sur ces trois nourrissons et quand celle dont elle a la garde meurt dans son sommeil, elle n\u2019h\u00e9site pas \u00e0 \u00e9changer les b\u00e9b\u00e9s. L\u2019enfant myst\u00e9rieuse prend la place de Gladie, cette petite fille qui lui avait \u00e9t\u00e9 confi\u00e9e\u2026<\/p>\n<p><a href=\"https:\/\/t.communication.libraires-ensemble.com\/l2\/82Zg1ks1254\/358228\/4129938739.html?s=20\" target=\"_blank\" rel=\"noopener nofollow\" data-saferedirecturl=\"https:\/\/www.google.com\/url?q=https:\/\/t.communication.libraires-ensemble.com\/l2\/82Zg1ks1254\/358228\/4129938739.html?s%3D20&amp;source=gmail&amp;ust=1756031178609000&amp;usg=AOvVaw0ww1nIi9gUZMubbDCVFyA7\">En savoir plus<\/a><\/p>\n<p>Source : Librairie Charlemagne Toulon.<\/p>\n","protected":false},"excerpt":{"rendered":"Dans la campagne rude et aust\u00e8re, Sylvaine devient nourrice et vend son lait maternel pour sevrer les petits&hellip;\n","protected":false},"author":2,"featured_media":339296,"comment_status":"","ping_status":"","sticky":false,"template":"","format":"standard","meta":{"footnotes":""},"categories":[9619],"tags":[1111,11,1777,674,1011,27,12,882,25,2310],"class_list":{"0":"post-339295","1":"post","2":"type-post","3":"status-publish","4":"format-standard","5":"has-post-thumbnail","7":"category-toulon","8":"tag-actu","9":"tag-actualites","10":"tag-eu","11":"tag-europe","12":"tag-fr","13":"tag-france","14":"tag-news","15":"tag-provence-alpes-cote-dazur","16":"tag-republique-francaise","17":"tag-toulon"},"share_on_mastodon":{"url":"https:\/\/pubeurope.com\/@fr\/115080155829896744","error":""},"_links":{"self":[{"href":"https:\/\/www.europesays.com\/fr\/wp-json\/wp\/v2\/posts\/339295","targetHints":{"allow":["GET"]}}],"collection":[{"href":"https:\/\/www.europesays.com\/fr\/wp-json\/wp\/v2\/posts"}],"about":[{"href":"https:\/\/www.europesays.com\/fr\/wp-json\/wp\/v2\/types\/post"}],"author":[{"embeddable":true,"href":"https:\/\/www.europesays.com\/fr\/wp-json\/wp\/v2\/users\/2"}],"replies":[{"embeddable":true,"href":"https:\/\/www.europesays.com\/fr\/wp-json\/wp\/v2\/comments?post=339295"}],"version-history":[{"count":0,"href":"https:\/\/www.europesays.com\/fr\/wp-json\/wp\/v2\/posts\/339295\/revisions"}],"wp:featuredmedia":[{"embeddable":true,"href":"https:\/\/www.europesays.com\/fr\/wp-json\/wp\/v2\/media\/339296"}],"wp:attachment":[{"href":"https:\/\/www.europesays.com\/fr\/wp-json\/wp\/v2\/media?parent=339295"}],"wp:term":[{"taxonomy":"category","embeddable":true,"href":"https:\/\/www.europesays.com\/fr\/wp-json\/wp\/v2\/categories?post=339295"},{"taxonomy":"post_tag","embeddable":true,"href":"https:\/\/www.europesays.com\/fr\/wp-json\/wp\/v2\/tags?post=339295"}],"curies":[{"name":"wp","href":"https:\/\/api.w.org\/{rel}","templated":true}]}}