{"id":339304,"date":"2025-08-23T21:25:15","date_gmt":"2025-08-23T21:25:15","guid":{"rendered":"https:\/\/www.europesays.com\/fr\/339304\/"},"modified":"2025-08-23T21:25:15","modified_gmt":"2025-08-23T21:25:15","slug":"la-reserve-de-guingamp-sincline-lourdement-face-a-celle-de-rennes-pour-la-premiere-journee-de-n3","status":"publish","type":"post","link":"https:\/\/www.europesays.com\/fr\/339304\/","title":{"rendered":"La r\u00e9serve de Guingamp s\u2019incline lourdement face \u00e0 celle de Rennes pour la premi\u00e8re journ\u00e9e de N3"},"content":{"rendered":"<p>      Pour la premi\u00e8re journ\u00e9e de National 3, la r\u00e9serve de Guingamp s\u2019est inclin\u00e9e sur un score s\u00e9v\u00e8re (0-3) face aux r\u00e9servistes rennais. Un r\u00e9sultat peu r\u00e9v\u00e9lateur de la physionomie, les Guingampais ont eu leurs moments forts, sans parvenir \u00e0 concr\u00e9tiser.<\/p>\n<p>                    N3. (1re journ\u00e9e). Guingamp (B) &#8211; Rennes (B) 0-3<\/p>\n<p class=\"empty\">Les Rennais se montraient dangereux les premiers. Sur un corner venu de la droite, Ake voyait sa t\u00eate passer juste au-dessus de la barre de Marec, le portier guingampais (4\u2019). Guingamp r\u00e9agissait et se procurait les occasions les plus nettes apr\u00e8s la demi-heure de jeu. Niakat\u00e9, trop court, manquait de reprendre un centre pr\u00e9cis venu de la gauche (38\u2019). Dans la foul\u00e9e, Azenked, en bonne position, ne parvenait pas \u00e0 cadrer sa tentative apr\u00e8s un raid devant la surface (40\u2019).<\/p>\n<p>Jean-Baptiste Le Bescond, l\u2019entra\u00eeneur de la r\u00e9serve guingampaise, regrettait : \u00ab Le score n\u2019est pas r\u00e9v\u00e9lateur de la rencontre. On n\u2019a pas r\u00e9ussi \u00e0 appliquer les principes de jeu montr\u00e9s en pr\u00e9paration, notamment dans la circulation du ballon et le jeu de position. \u00bb<\/p>\n<p>                    Rennes prend l\u2019ascendant en fin de match<\/p>\n<p>Au retour des vestiaires, Guingamp imposait son rythme et dominait dans l\u2019entrejeu. Niakat\u00e9, \u00e9tait tout proche de reprendre un ballon sur un mouvement bien construit c\u00f4t\u00e9 droit (50\u2019). Mais physiquement plus frais, les Rennais reprenaient progressivement le contr\u00f4le du match.<\/p>\n<p>Mvodo, sur un coup franc puissant sous la barre, ouvrait le score (0-1, 76\u2019). Quelques minutes plus tard, le m\u00eame Mvodo doublait la mise d\u2019une frappe crois\u00e9e que Marec ne pouvait qu\u2019effleurer (0-2, 82\u2019). Sonn\u00e9, Guingamp craquait en fin de match, encaissant un troisi\u00e8me but par Soukouna, d\u2019une frappe de l\u2019ext\u00e9rieur de la surface (0-3, 90\u2019). Une lourde d\u00e9faite pour En Avant, \u00e0 l\u2019image de <a href=\"https:\/\/www.letelegramme.fr\/sports\/football\/guingamp\/les-supporters-den-avant-guingamp-en-colere-apres-la-deroute-face-au-red-star-6875268.php\" target=\"_blank\" rel=\"nofollow noopener\">la claque re\u00e7ue par les pros face au Red Star<\/a>.\u00ab Nous voulions montrer le visage d\u2019une \u00e9quipe d\u00e9termin\u00e9e, unie et ambitieuse. Cela s\u2019est particuli\u00e8rement ressenti en fin de match, gr\u00e2ce \u00e0 l\u2019apport des entrants \u00bb, d\u00e9veloppait S\u00e9bastien Tambouret, l\u2019entra\u00eeneur rennais.<\/p>\n<p class=\"tech\"><strong class=\"tech\">BUTS<\/strong>. Rennes (B) : Mvodo (76\u2019, 82\u2019), Soukouna (90\u2019)<\/p>\n<p class=\"tech\"><strong class=\"tech\">Avertissements<\/strong>. Rennes (B) : Limon (21\u2019), Do Marcolino (65\u2019), Habri (75\u2019) ; Guingamp (B) : Siby (33\u2019)<\/p>\n<p class=\"tech\"><strong class=\"tech\">Guingamp (B) :<\/strong> Marec &#8211; Tavares Correia, Muntu Wa Mungu, Le Goff (Diakit\u00e9, 86\u2019), Gassama, Matondo T. (cap.), Matondo J. (Bouchoukh, 86\u2019), Siby (Aucan, 73\u2019) &#8211; Niakat\u00e9, Nojya Ngapout, Azenked (Miraoui, 65\u2019).<\/p>\n<p class=\"tech\"><strong class=\"tech\">Rennes (B) :<\/strong> Belazzoug &#8211; Soukouna, Habri (Lomet, 84\u2019), Ak\u00e9 (Bernard, 84\u2019), Limon &#8211; Truffert (cap.), Gbeme (Assignon, 73\u2019), Mvodo &#8211; Dongopandji (Jacinthe, 47\u2019), Do Marcolino, Legendre (Chebbi, 59\u2019).<\/p>\n<p>Cr\u00e9dit photo : Photo Serge Raoul<\/p>\n","protected":false},"excerpt":{"rendered":"Pour la premi\u00e8re journ\u00e9e de National 3, la r\u00e9serve de Guingamp s\u2019est inclin\u00e9e sur un score s\u00e9v\u00e8re (0-3)&hellip;\n","protected":false},"author":2,"featured_media":339305,"comment_status":"","ping_status":"","sticky":false,"template":"","format":"standard","meta":{"footnotes":""},"categories":[2821],"tags":[1111,11,829,1777,674,1011,27,12,584,25,60],"class_list":{"0":"post-339304","1":"post","2":"type-post","3":"status-publish","4":"format-standard","5":"has-post-thumbnail","7":"category-rennes","8":"tag-actu","9":"tag-actualites","10":"tag-bretagne","11":"tag-eu","12":"tag-europe","13":"tag-fr","14":"tag-france","15":"tag-news","16":"tag-rennes","17":"tag-republique-francaise","18":"tag-sports"},"share_on_mastodon":{"url":"https:\/\/pubeurope.com\/@fr\/115080195229842801","error":""},"_links":{"self":[{"href":"https:\/\/www.europesays.com\/fr\/wp-json\/wp\/v2\/posts\/339304","targetHints":{"allow":["GET"]}}],"collection":[{"href":"https:\/\/www.europesays.com\/fr\/wp-json\/wp\/v2\/posts"}],"about":[{"href":"https:\/\/www.europesays.com\/fr\/wp-json\/wp\/v2\/types\/post"}],"author":[{"embeddable":true,"href":"https:\/\/www.europesays.com\/fr\/wp-json\/wp\/v2\/users\/2"}],"replies":[{"embeddable":true,"href":"https:\/\/www.europesays.com\/fr\/wp-json\/wp\/v2\/comments?post=339304"}],"version-history":[{"count":0,"href":"https:\/\/www.europesays.com\/fr\/wp-json\/wp\/v2\/posts\/339304\/revisions"}],"wp:featuredmedia":[{"embeddable":true,"href":"https:\/\/www.europesays.com\/fr\/wp-json\/wp\/v2\/media\/339305"}],"wp:attachment":[{"href":"https:\/\/www.europesays.com\/fr\/wp-json\/wp\/v2\/media?parent=339304"}],"wp:term":[{"taxonomy":"category","embeddable":true,"href":"https:\/\/www.europesays.com\/fr\/wp-json\/wp\/v2\/categories?post=339304"},{"taxonomy":"post_tag","embeddable":true,"href":"https:\/\/www.europesays.com\/fr\/wp-json\/wp\/v2\/tags?post=339304"}],"curies":[{"name":"wp","href":"https:\/\/api.w.org\/{rel}","templated":true}]}}