{"id":339308,"date":"2025-08-23T21:27:15","date_gmt":"2025-08-23T21:27:15","guid":{"rendered":"https:\/\/www.europesays.com\/fr\/339308\/"},"modified":"2025-08-23T21:27:15","modified_gmt":"2025-08-23T21:27:15","slug":"rc-strasbourg-j2-de-nombreux-retours-mais-encore-5-absents-au-rcsa","status":"publish","type":"post","link":"https:\/\/www.europesays.com\/fr\/339308\/","title":{"rendered":"RC Strasbourg &#8211; J2 : De nombreux retours mais encore 5 absents au RCSA"},"content":{"rendered":"<p data-start=\"274\" data-end=\"803\"><strong>\u00c0 la veille de la<br \/>\nr\u00e9ception du FC Nantes ce dimanche \u00e0 17h15 \u00e0 la Meinau (diffus\u00e9e<br \/>\nsur Ligue 1+), l\u2019entra\u00eeneur du RC Strasbourg, Liam Rosenior, a fait<br \/>\nun point d\u00e9taill\u00e9 sur son infirmerie.<\/strong><\/p>\n<p data-start=\"274\" data-end=\"803\">Le technicien anglais a confirm\u00e9<br \/>\nque <strong data-start=\"508\" data-end=\"522\">Gu\u00e9la Dou\u00e9<\/strong><br \/>\nn\u2019\u00e9tait pas encore totalement pr\u00eat, mais qu\u2019il progressait bien. En<br \/>\nrevanche, <strong>Mathis Amougou<\/strong> et <strong data-start=\"616\" data-end=\"633\">Diego Moreira<\/strong> devraient int\u00e9grer le<br \/>\ngroupe, tandis que <strong data-start=\"675\" data-end=\"693\">Lucas<br \/>\nHogsberg<\/strong> et <strong>Souma\u00efla Coulibaly<\/strong> restent<br \/>\ntrop justes pour ce week-end, m\u00eame si leur r\u00e9tablissement avance<br \/>\ndans le bon sens.<\/p>\n<p data-start=\"805\" data-end=\"1255\">Avec ces retours, Rosenior se<br \/>\nr\u00e9jouit d\u2019avoir \u00ab beaucoup plus d\u2019options \u00bb, admettant que cela<br \/>\ncomplique un peu ses choix mais constitue \u00ab une vraie chance \u00bb pour<br \/>\nla suite de la saison. Enfin, le coach a rassur\u00e9 au sujet de<br \/>\n<strong data-start=\"1028\" data-end=\"1044\">Mike Penders<\/strong>,<br \/>\nsorti sur blessure contre Brondby : il s\u2019agissait surtout d\u2019une<br \/>\npr\u00e9caution, le d\u00e9fenseur sera apte pour le match europ\u00e9en et une<br \/>\nd\u00e9cision sera prise \u00e0 la derni\u00e8re minute concernant sa pr\u00e9sence<br \/>\nface \u00e0 Nantes. Enfin, <strong>Abakar Sylla<\/strong> ne devrait pas<br \/>\n\u00eatre de la partie, toujours bless\u00e9, tout comme <strong>Saidou<br \/>\nSow<\/strong>.<\/p>\n","protected":false},"excerpt":{"rendered":"\u00c0 la veille de la r\u00e9ception du FC Nantes ce dimanche \u00e0 17h15 \u00e0 la Meinau (diffus\u00e9e sur&hellip;\n","protected":false},"author":2,"featured_media":339309,"comment_status":"","ping_status":"","sticky":false,"template":"","format":"standard","meta":{"footnotes":""},"categories":[2820],"tags":[1111,11,1777,674,1011,27,775,12,25,640],"class_list":{"0":"post-339308","1":"post","2":"type-post","3":"status-publish","4":"format-standard","5":"has-post-thumbnail","7":"category-strasbourg","8":"tag-actu","9":"tag-actualites","10":"tag-eu","11":"tag-europe","12":"tag-fr","13":"tag-france","14":"tag-grand-est","15":"tag-news","16":"tag-republique-francaise","17":"tag-strasbourg"},"share_on_mastodon":{"url":"https:\/\/pubeurope.com\/@fr\/115080203078363963","error":""},"_links":{"self":[{"href":"https:\/\/www.europesays.com\/fr\/wp-json\/wp\/v2\/posts\/339308","targetHints":{"allow":["GET"]}}],"collection":[{"href":"https:\/\/www.europesays.com\/fr\/wp-json\/wp\/v2\/posts"}],"about":[{"href":"https:\/\/www.europesays.com\/fr\/wp-json\/wp\/v2\/types\/post"}],"author":[{"embeddable":true,"href":"https:\/\/www.europesays.com\/fr\/wp-json\/wp\/v2\/users\/2"}],"replies":[{"embeddable":true,"href":"https:\/\/www.europesays.com\/fr\/wp-json\/wp\/v2\/comments?post=339308"}],"version-history":[{"count":0,"href":"https:\/\/www.europesays.com\/fr\/wp-json\/wp\/v2\/posts\/339308\/revisions"}],"wp:featuredmedia":[{"embeddable":true,"href":"https:\/\/www.europesays.com\/fr\/wp-json\/wp\/v2\/media\/339309"}],"wp:attachment":[{"href":"https:\/\/www.europesays.com\/fr\/wp-json\/wp\/v2\/media?parent=339308"}],"wp:term":[{"taxonomy":"category","embeddable":true,"href":"https:\/\/www.europesays.com\/fr\/wp-json\/wp\/v2\/categories?post=339308"},{"taxonomy":"post_tag","embeddable":true,"href":"https:\/\/www.europesays.com\/fr\/wp-json\/wp\/v2\/tags?post=339308"}],"curies":[{"name":"wp","href":"https:\/\/api.w.org\/{rel}","templated":true}]}}