{"id":339310,"date":"2025-08-23T21:28:21","date_gmt":"2025-08-23T21:28:21","guid":{"rendered":"https:\/\/www.europesays.com\/fr\/339310\/"},"modified":"2025-08-23T21:28:21","modified_gmt":"2025-08-23T21:28:21","slug":"quel-est-ce-mega-yacht-aux-proportions-demesurees-amarre-au-port-de-nice-depuis-plusieurs-jours","status":"publish","type":"post","link":"https:\/\/www.europesays.com\/fr\/339310\/","title":{"rendered":"Quel est ce m\u00e9ga yacht aux proportions d\u00e9mesur\u00e9es amarr\u00e9 au port de Nice depuis plusieurs jours?"},"content":{"rendered":"<p>C&rsquo;est un luxueux g\u00e9ant des mers qui a fait son apparition au<strong> port Lympia \u00e0 Nice<\/strong> depuis plusieurs jours.<\/p>\n<p>Si vous \u00eates pass\u00e9 dans le quartier, vous l&rsquo;avez forc\u00e9ment remarqu\u00e9 et les passants n&rsquo;ont pas manqu\u00e9 de le photographier.\u00a0<\/p>\n<p>Il est le 33 \u00e8me plus grand yacht du monde avec <strong>122 m\u00e8tres de long, le Kismet<\/strong> s&rsquo;est amarr\u00e9 le <strong>4 ao\u00fbt dernier au port de Nice<\/strong>, selon les donn\u00e9es relay\u00e9es par le site sp\u00e9cialis\u00e9 <a href=\"https:\/\/www.marinetraffic.com\/fr\/ais\/home\/centerx:-12.0\/centery:25.0\/zoom:4\" target=\"_blank\" rel=\"noopener nofollow\">Marine Traffic.\u00a0<\/a><\/p>\n<p>Et le moins que l&rsquo;on puisse dire c&rsquo;est que c&rsquo;est un v\u00e9ritable concentr\u00e9 de luxe et de technologie.\u00a0<\/p>\n<p>                                <strong>Chemin\u00e9e, Spa, Piscine&#8230;\u00a0<\/strong><\/p>\n<p>Si l&rsquo;ext\u00e9rieur est impressionnant, l&rsquo;int\u00e9rieur l&rsquo;est tout autant.\u00a0<\/p>\n<p>Dans la face cach\u00e9e de ce gros jouet flottant, ont retrouve des caract\u00e9ristiques notables avec: un<strong> mur vid\u00e9o \u00e0 deux \u00e9tages, une chemin\u00e9e, un spa, une piscine<\/strong> et <strong>un jacuzzi<\/strong> sur la terrasse ensoleill\u00e9e.<\/p>\n<p>Ce m\u00e9ga yacht peut accueillir jusqu&rsquo;\u00e0<strong> 20 invit\u00e9s gr\u00e2ce \u00e0 ses 10 cabines tout confort.<\/strong> Pour rendre l&rsquo;exp\u00e9rience de navigation encore plus agr\u00e9able, pas moins de <strong>40 membres d&rsquo;\u00e9quipage sont pr\u00e9sents \u00e0 bord.\u00a0<\/strong><\/p>\n<p>Plus \u00e9tonnant encore, selon le site sp\u00e9cialis\u00e9 <a href=\"https:\/\/www.superyachtfan.com\/fr\/yacht\/kismet\/\" target=\"_blank\" rel=\"noopener nofollow\">Superyacht fan<\/a>,\u00a0un <strong>terrain de basket et une chambre de cryoth\u00e9rapie<\/strong> sont \u00e9galement propos\u00e9s \u00e0 bord.\u00a0<\/p>\n<p>              <img ci-src=\"https:\/\/www.nicematin.com\/insolite\/BB6E1E95-DEF3-40D0-89CB-398C06893A4C-ZkcqxoJ6.JPG?vh=7bb4b6&amp;ci_seal=63197e0229\" alt=\"\"\/><br \/>\n        L&rsquo;impressionnant Kismet Yacht sur le port Lympia \u00e0 Nice. <strong>Photo Chlo\u00e9 Audiger.<\/strong> <\/p>\n<p>                                <strong>Quel est le propri\u00e9taire du Kismet?\u00a0<\/strong><\/p>\n<p>L&rsquo;homme \u00e0 qui appartient cet impressionnant navire est <strong>Shahid Khan<\/strong>, un homme d&rsquo;affaires\u00a0<strong>am\u00e9ricain<\/strong> et <strong>d&rsquo;origines pakistanaises<\/strong>.\u00a0Sa fortune est estim\u00e9e par le magazine Forbes \u00e0 <strong>8,2 milliards de dollars en 2020, soit la 61e fortune mondiale \u00e0 l&rsquo;\u00e9poque.\u00a0<\/strong><\/p>\n<p>Construit par le c\u00e9l\u00e8bre groupe <strong>L\u00fcrssen Yachts<\/strong>, il met en valeur l\u2019expertise de certains des meilleurs concepteurs et ing\u00e9nieurs de l\u2019industrie.<\/p>\n<p><strong>La C\u00f4te d&rsquo;Azur un rep\u00e8re pour les m\u00e9ga yachts?\u00a0<\/strong><\/p>\n<p>De Monaco jusqu&rsquo;\u00e0 Saint-Tropez, les m\u00e9ga yacht sont chaque ann\u00e9e tr\u00e8s nombreux \u00e0 profiter de la C\u00f4te d&rsquo;Azur en s&rsquo;installant dans les c\u00e9l\u00e8bres ports, ou au large. Plus r\u00e9cemment, c&rsquo;est le <a href=\"https:\/\/www.nicematin.com\/vie-locale\/c-est-l-un-des-plus-gros-yachts-du-monde-le-golden-odyssey-apercu-au-large-de-la-cote-d-azur-997793\" rel=\"nofollow noopener\" target=\"_blank\">Golden Odyssey, v\u00e9ritable g\u00e9ant des mers qui \u00e9tait au large de la C\u00f4te d&rsquo;Azur.<\/a>\u00a0<\/p>\n","protected":false},"excerpt":{"rendered":"C&rsquo;est un luxueux g\u00e9ant des mers qui a fait son apparition au port Lympia \u00e0 Nice depuis plusieurs&hellip;\n","protected":false},"author":2,"featured_media":339311,"comment_status":"","ping_status":"","sticky":false,"template":"","format":"standard","meta":{"footnotes":""},"categories":[2819],"tags":[1111,11,1777,674,1011,27,1757,12,2401,882,25],"class_list":{"0":"post-339310","1":"post","2":"type-post","3":"status-publish","4":"format-standard","5":"has-post-thumbnail","7":"category-nice","8":"tag-actu","9":"tag-actualites","10":"tag-eu","11":"tag-europe","12":"tag-fr","13":"tag-france","14":"tag-insolite","15":"tag-news","16":"tag-nice","17":"tag-provence-alpes-cote-dazur","18":"tag-republique-francaise"},"share_on_mastodon":{"url":"https:\/\/pubeurope.com\/@fr\/115080207015659776","error":""},"_links":{"self":[{"href":"https:\/\/www.europesays.com\/fr\/wp-json\/wp\/v2\/posts\/339310","targetHints":{"allow":["GET"]}}],"collection":[{"href":"https:\/\/www.europesays.com\/fr\/wp-json\/wp\/v2\/posts"}],"about":[{"href":"https:\/\/www.europesays.com\/fr\/wp-json\/wp\/v2\/types\/post"}],"author":[{"embeddable":true,"href":"https:\/\/www.europesays.com\/fr\/wp-json\/wp\/v2\/users\/2"}],"replies":[{"embeddable":true,"href":"https:\/\/www.europesays.com\/fr\/wp-json\/wp\/v2\/comments?post=339310"}],"version-history":[{"count":0,"href":"https:\/\/www.europesays.com\/fr\/wp-json\/wp\/v2\/posts\/339310\/revisions"}],"wp:featuredmedia":[{"embeddable":true,"href":"https:\/\/www.europesays.com\/fr\/wp-json\/wp\/v2\/media\/339311"}],"wp:attachment":[{"href":"https:\/\/www.europesays.com\/fr\/wp-json\/wp\/v2\/media?parent=339310"}],"wp:term":[{"taxonomy":"category","embeddable":true,"href":"https:\/\/www.europesays.com\/fr\/wp-json\/wp\/v2\/categories?post=339310"},{"taxonomy":"post_tag","embeddable":true,"href":"https:\/\/www.europesays.com\/fr\/wp-json\/wp\/v2\/tags?post=339310"}],"curies":[{"name":"wp","href":"https:\/\/api.w.org\/{rel}","templated":true}]}}