{"id":339314,"date":"2025-08-23T21:32:15","date_gmt":"2025-08-23T21:32:15","guid":{"rendered":"https:\/\/www.europesays.com\/fr\/339314\/"},"modified":"2025-08-23T21:32:15","modified_gmt":"2025-08-23T21:32:15","slug":"ligue-1-les-chiffres-cles-de-racing","status":"publish","type":"post","link":"https:\/\/www.europesays.com\/fr\/339314\/","title":{"rendered":"Ligue 1. Les chiffres cl\u00e9s de Racing"},"content":{"rendered":"<p> \u25b6 \u2002 0. Strasbourg disputera un match europ\u00e9en en milieu de semaine contre Brondby, une premi\u00e8re pour les Alsaciens depuis les trois tours de qualifications pour la Ligue Europa \u00e0 l\u2019\u00e9t\u00e9 2019. \u00c0 l\u2019\u00e9poque, ils n\u2019avaient remport\u00e9 aucun des quatre matches de championnat qui avaient directement suivi une de ces rencontres europ\u00e9ennes (3N, 1D).<\/p>\n<p> \u25b6 \u2002 2. Buteur d\u00e9cisif contre Metz dimanche dernier (1-0), Joaquin Panichelli pourrait devenir le deuxi\u00e8me joueur \u00e0 marquer lors de chacun de ses deux premiers matches pour les Bleus en Ligue 1 sur les 20 derni\u00e8res ann\u00e9es, apr\u00e8s Habib Diallo en octobre\u00a02020.<\/p>\n<p> \u25b6 \u2002 2 bis. Vainqueur de sa derni\u00e8re r\u00e9ception de Nantes (3-1 en octobre\u00a02024), le Racing n\u2019a encha\u00een\u00e9 qu\u2019une seule fois deux succ\u00e8s sur ses terres face aux Canaris dans l\u2019\u00e9lite sur les 40 derni\u00e8res ann\u00e9es\u00a0: en avril-septembre\u00a02003.<\/p>\n<p> \u25b6 \u2002 3. Strasbourg a gagn\u00e9 chacun de ses trois derniers matches de Ligue 1 contre Nantes (2 fois 3-1 puis 1-0) et pourrait faire la passe de quatre pour la toute premi\u00e8re fois face \u00e0 cet adversaire dans l\u2019\u00e9lite.<\/p>\n<p> \u25b6 \u2002 12. Le but des Bleus \u00e0 Metz (1-0) a r\u00e9sult\u00e9 d\u2019une s\u00e9quence de 12 passes, la plus longue menant \u00e0 un but lors de cette journ\u00e9e.<\/p>\n<p> \u25b6 \u2002 24. Strasbourg est l\u2019\u00e9quipe ayant enregistr\u00e9 le plus de pressings gagnants lors de la premi\u00e8re journ\u00e9e cette saison (24), tandis que Nantes est celle qui en a r\u00e9alis\u00e9 le moins (2).<\/p>\n<p> \u25b6 \u2002 33. Vainqueur \u00e0 Metz lors de la premi\u00e8re journ\u00e9e, Strasbourg n\u2019a plus entam\u00e9 une saison de Ligue 1 par deux victoires de rang depuis 35 ans (1992\/93).<\/p>\n","protected":false},"excerpt":{"rendered":"\u25b6 \u2002 0. Strasbourg disputera un match europ\u00e9en en milieu de semaine contre Brondby, une premi\u00e8re pour les&hellip;\n","protected":false},"author":2,"featured_media":339315,"comment_status":"","ping_status":"","sticky":false,"template":"","format":"standard","meta":{"footnotes":""},"categories":[2818],"tags":[1111,11,1777,674,107,63,1011,27,766,12,2636,41281,25,517],"class_list":{"0":"post-339314","1":"post","2":"type-post","3":"status-publish","4":"format-standard","5":"has-post-thumbnail","7":"category-nantes","8":"tag-actu","9":"tag-actualites","10":"tag-eu","11":"tag-europe","12":"tag-fil-info","13":"tag-football","14":"tag-fr","15":"tag-france","16":"tag-nantes","17":"tag-news","18":"tag-pays-de-la-loire","19":"tag-racing-club-strasbourg-masculin","20":"tag-republique-francaise","21":"tag-sport"},"share_on_mastodon":{"url":"https:\/\/pubeurope.com\/@fr\/115080222623904135","error":""},"_links":{"self":[{"href":"https:\/\/www.europesays.com\/fr\/wp-json\/wp\/v2\/posts\/339314","targetHints":{"allow":["GET"]}}],"collection":[{"href":"https:\/\/www.europesays.com\/fr\/wp-json\/wp\/v2\/posts"}],"about":[{"href":"https:\/\/www.europesays.com\/fr\/wp-json\/wp\/v2\/types\/post"}],"author":[{"embeddable":true,"href":"https:\/\/www.europesays.com\/fr\/wp-json\/wp\/v2\/users\/2"}],"replies":[{"embeddable":true,"href":"https:\/\/www.europesays.com\/fr\/wp-json\/wp\/v2\/comments?post=339314"}],"version-history":[{"count":0,"href":"https:\/\/www.europesays.com\/fr\/wp-json\/wp\/v2\/posts\/339314\/revisions"}],"wp:featuredmedia":[{"embeddable":true,"href":"https:\/\/www.europesays.com\/fr\/wp-json\/wp\/v2\/media\/339315"}],"wp:attachment":[{"href":"https:\/\/www.europesays.com\/fr\/wp-json\/wp\/v2\/media?parent=339314"}],"wp:term":[{"taxonomy":"category","embeddable":true,"href":"https:\/\/www.europesays.com\/fr\/wp-json\/wp\/v2\/categories?post=339314"},{"taxonomy":"post_tag","embeddable":true,"href":"https:\/\/www.europesays.com\/fr\/wp-json\/wp\/v2\/tags?post=339314"}],"curies":[{"name":"wp","href":"https:\/\/api.w.org\/{rel}","templated":true}]}}