{"id":339318,"date":"2025-08-23T21:35:12","date_gmt":"2025-08-23T21:35:12","guid":{"rendered":"https:\/\/www.europesays.com\/fr\/339318\/"},"modified":"2025-08-23T21:35:12","modified_gmt":"2025-08-23T21:35:12","slug":"5-visites-insolites-proposees-a-toulouse-lors-des-journees-europeennes-du-patrimoine","status":"publish","type":"post","link":"https:\/\/www.europesays.com\/fr\/339318\/","title":{"rendered":"5 visites insolites propos\u00e9es \u00e0 Toulouse lors des Journ\u00e9es europ\u00e9ennes du patrimoine"},"content":{"rendered":"<p>Les Journ\u00e9es europ\u00e9ennes du patrimoine seront de retour du 19 au 21 septembre 2025. Durant cette p\u00e9riode, la Ville rose murmurera gratuitement ses secrets \u00e0 de nombreux visiteurs. Zoom sur cinq exp\u00e9riences insolites propos\u00e9es \u00e0 Toulouse.<\/p>\n<p>Chaque ann\u00e9e, les <strong>Journ\u00e9es europ\u00e9ennes du patrimoine<\/strong> apportent leur lot de visites gratuites. L\u2019\u00e9dition 2025, sur le th\u00e8me \u00ab\u00a0patrimoine architectural\u00a0\u00bb, ne fait pas exception. \u00c0 <a href=\"https:\/\/lopinion.com\/articles\/actualite\/actualites-haute-garonne\" rel=\"noopener noreferrer nofollow\" target=\"_blank\">Toulouse<\/a>, plus de 300 \u00e9v\u00e8nements sont r\u00e9pertori\u00e9s sur le site du minist\u00e8re de la Culture, entre le 19 et le 21 septembre 2025. Parmi ces nombreux rendez-vous \u00e0 la d\u00e9couverte des joyaux de la ville, la r\u00e9daction a s\u00e9lectionn\u00e9 <strong>cinq visites insolites<\/strong>, pour d\u00e9couvrir la Cit\u00e9 des Violettes et ses b\u00e2timents autrement.<\/p>\n<ul>\n<li>Pour commencer ce top, quoi de mieux qu\u2019une aventure souterraine\u00a0? Le 20 septembre, <strong>l\u2019\u00e9glise Saint-Pierre des Cuisines<\/strong> sera l\u2019objet de nombreux cr\u00e9neaux de visite pour arpenter sa <strong>crypte arch\u00e9ologique<\/strong>. Le public pourra acc\u00e9der aux soubassements de la basilique fun\u00e9raire du 5\u00e8 si\u00e8cle, admirer des fragments de mosa\u00efques, et surtout d\u00e9couvrir les seuls vestiges architecturaux de Toulouse \u00e0 t\u00e9moigner des m\u00e9thodes de construction de l\u2019\u00e9poque. R\u00e9servations sur le site du mus\u00e9e Saint-Raymond.<\/li>\n<li>Dans un autre registre, les \u00e2mes curieuses seront les bienvenues \u00e0 la <strong>Banque de France<\/strong> le 20 septembre, de 9 heures \u00e0 18 heures. Habituellement ferm\u00e9 au public, l\u2019\u00e9tablissement permettra au grand public d\u2019explorer librement le grand hall, <strong>la salle des coffres d\u00e9di\u00e9e aux particuliers<\/strong>, ou encore ses jardins. En parall\u00e8le, la Banque de France pr\u00e9sentera ses missions r\u00e9gionales sur diff\u00e9rents stands\u00a0tandis que les plus jeunes auront le loisir de mettre la main \u00e0 la p\u00e2te sur une fresque g\u00e9ante \u00e0 colorier. R\u00e9servations sur la page gouvernementale des Journ\u00e9es europ\u00e9ennes du patrimoine.<\/li>\n<li>Autre lieu \u00e0 d\u00e9voiler ses secrets\u00a0: le <strong>Z\u00e9nith Toulouse M\u00e9tropole<\/strong>\u00a0! Le 20 septembre, le public pourra quitter les gradins pour s\u2019immiscer dans la journ\u00e9e de montage du Festival OZ. <strong>Coulisses<\/strong>, balances des concerts, visite de la salle hors spectacle\u2026 Les habitants de la Ville rose sont invit\u00e9s \u00e0 mieux comprendre le fonctionnement de cette sc\u00e8ne embl\u00e9matique ainsi que les m\u00e9tiers qui contribuent \u00e0 la faire vivre. R\u00e9servations \u00e0 l\u2019adresse mail\u00a0contact@zenith-tm.com.<\/li>\n<li>Toujours le 20 septembre, <strong>les chantiers de la ligne C <\/strong>ouvriront leurs portes\u00a0! L\u2019occasion de plonger au c\u0153ur des travaux de la future ligne de m\u00e9tro toulousaine. Au programme\u00a0: des visites libres des stations Fran\u00e7ois-Verdier, Ormeau, et Lab\u00e8ge Madron, ainsi qu\u2019une immersion au sein du Garage Atelier Daturas, lieu de r\u00e9paration et de maintenance des rames de la ligne C. Les \u00e9quipes de Tiss\u00e9o Ing\u00e9nierie seront pr\u00e9sentes sur les chantiers pour r\u00e9pondre aux questions du public.<\/li>\n<li>Pour cl\u00f4turer ce classement, la r\u00e9daction mise sur une \u00e9chapp\u00e9e plus verte. En effet, le 21 septembre, <strong>les serres municipales de la Ville rose<\/strong> accueilleront les Toulousains sous leur grand d\u00f4me m\u00e9tallique, inscrit aux Monuments historiques. Ici, la collectivit\u00e9 produit pr\u00e8s de 300.000 plantes annuelles et bisannuelles (l\u00e9gumes, chrysanth\u00e8mes, arbres fruitiers\u2026). Entre savoir-faire jardiniers, biodiversit\u00e9 en ville, et richesses m\u00e9connues, cette visite promet d\u2019\u00eatre riche en d\u00e9couvertes. Inscription obligatoire \u00e0 l\u2019entr\u00e9e du site.\u00a0<\/li>\n<\/ul>\n<p>&gt;&gt; \u00c0 LIRE AUSSI : <a href=\"https:\/\/lopinion.com\/articles\/culture\/29884_toulouse-lenvol-des-pionniers-voyage-retro\" rel=\"noopener noreferrer nofollow\" target=\"_blank\">Toulouse : L\u2019Envol des Pionniers invite (gratuitement) au voyage dans une ambiance r\u00e9tro<\/a><\/p>\n","protected":false},"excerpt":{"rendered":"Les Journ\u00e9es europ\u00e9ennes du patrimoine seront de retour du 19 au 21 septembre 2025. Durant cette p\u00e9riode, la&hellip;\n","protected":false},"author":2,"featured_media":339319,"comment_status":"","ping_status":"","sticky":false,"template":"","format":"standard","meta":{"footnotes":""},"categories":[2816],"tags":[1111,11,1777,674,1011,27,12,2680,25,2312],"class_list":{"0":"post-339318","1":"post","2":"type-post","3":"status-publish","4":"format-standard","5":"has-post-thumbnail","7":"category-toulouse","8":"tag-actu","9":"tag-actualites","10":"tag-eu","11":"tag-europe","12":"tag-fr","13":"tag-france","14":"tag-news","15":"tag-occitanie","16":"tag-republique-francaise","17":"tag-toulouse"},"share_on_mastodon":{"url":"https:\/\/pubeurope.com\/@fr\/115080234549434490","error":""},"_links":{"self":[{"href":"https:\/\/www.europesays.com\/fr\/wp-json\/wp\/v2\/posts\/339318","targetHints":{"allow":["GET"]}}],"collection":[{"href":"https:\/\/www.europesays.com\/fr\/wp-json\/wp\/v2\/posts"}],"about":[{"href":"https:\/\/www.europesays.com\/fr\/wp-json\/wp\/v2\/types\/post"}],"author":[{"embeddable":true,"href":"https:\/\/www.europesays.com\/fr\/wp-json\/wp\/v2\/users\/2"}],"replies":[{"embeddable":true,"href":"https:\/\/www.europesays.com\/fr\/wp-json\/wp\/v2\/comments?post=339318"}],"version-history":[{"count":0,"href":"https:\/\/www.europesays.com\/fr\/wp-json\/wp\/v2\/posts\/339318\/revisions"}],"wp:featuredmedia":[{"embeddable":true,"href":"https:\/\/www.europesays.com\/fr\/wp-json\/wp\/v2\/media\/339319"}],"wp:attachment":[{"href":"https:\/\/www.europesays.com\/fr\/wp-json\/wp\/v2\/media?parent=339318"}],"wp:term":[{"taxonomy":"category","embeddable":true,"href":"https:\/\/www.europesays.com\/fr\/wp-json\/wp\/v2\/categories?post=339318"},{"taxonomy":"post_tag","embeddable":true,"href":"https:\/\/www.europesays.com\/fr\/wp-json\/wp\/v2\/tags?post=339318"}],"curies":[{"name":"wp","href":"https:\/\/api.w.org\/{rel}","templated":true}]}}