{"id":339320,"date":"2025-08-23T21:36:17","date_gmt":"2025-08-23T21:36:17","guid":{"rendered":"https:\/\/www.europesays.com\/fr\/339320\/"},"modified":"2025-08-23T21:36:17","modified_gmt":"2025-08-23T21:36:17","slug":"toulouse-un-perimetre-de-securite-autour-dun-immeuble-a-cause-du-decrochement-de-lavant-toit","status":"publish","type":"post","link":"https:\/\/www.europesays.com\/fr\/339320\/","title":{"rendered":"Toulouse\u00a0: un p\u00e9rim\u00e8tre de s\u00e9curit\u00e9 autour d&rsquo;un immeuble \u00e0 cause du d\u00e9crochement de l&rsquo;avant-toit"},"content":{"rendered":"<p>Dans le quartier Borderouge \u00e0 Toulouse, un immeuble pr\u00e9sente une d\u00e9formation inqui\u00e9tante d&rsquo;une trentaine de centim\u00e8tres sur l&rsquo;avant-toit. Apr\u00e8s l&rsquo;intervention des pompiers ce samedi, les locataires sont appel\u00e9s \u00e0 la prudence ce week-end, avant l&rsquo;intervention du syndic de la copropri\u00e9t\u00e9 lundi. <\/p>\n<p>Une d\u00e9formation d&rsquo;une trentaine de centim\u00e8tres sur un b\u00e2timent. C&rsquo;est ce qu&rsquo;ont d\u00e9couvert les sapeurs-pompiers de Haute-Garonne \u00e0 Toulouse ce samedi 23 ao\u00fbt, dans la matin\u00e9e. <strong>Appel\u00e9s pour une reconnaissance de b\u00e2timent<\/strong> apr\u00e8s un signalement de risques structurels, <strong>ils ont constat\u00e9 \u00e0 leur arriv\u00e9e que l&rsquo;immeuble pr\u00e9sentait un d\u00e9crochement inqui\u00e9tant sur l&rsquo;avant-toit.<\/strong><\/p>\n<p>Les pompiers ont enlev\u00e9 des tuiles du toit pour all\u00e9ger la structure et r\u00e9duire les risques. Un p\u00e9rim\u00e8tre de s\u00e9curit\u00e9 a ensuite \u00e9t\u00e9 mis en place autour du b\u00e2timent. La ville de Toulouse a mandat\u00e9 un ing\u00e9nieur en risques b\u00e2timentaires, qui a confirm\u00e9 qu&rsquo;il n&rsquo;y avait <strong>pas de mise en p\u00e9ril imm\u00e9diate de l&rsquo;immeuble.<\/strong><\/p>\n<p>Des consignes de s\u00e9curit\u00e9 ont \u00e9t\u00e9 donn\u00e9es aux locataires pour le week-end.\u00a0<strong>Le syndic de la copropri\u00e9t\u00e9 interviendra d\u00e8s lundi pour effectuer les r\u00e9parations n\u00e9cessaires.<\/strong><\/p>\n","protected":false},"excerpt":{"rendered":"Dans le quartier Borderouge \u00e0 Toulouse, un immeuble pr\u00e9sente une d\u00e9formation inqui\u00e9tante d&rsquo;une trentaine de centim\u00e8tres sur l&rsquo;avant-toit.&hellip;\n","protected":false},"author":2,"featured_media":339321,"comment_status":"","ping_status":"","sticky":false,"template":"","format":"standard","meta":{"footnotes":""},"categories":[2816],"tags":[1111,11,1777,674,1011,27,12,2680,25,2312],"class_list":{"0":"post-339320","1":"post","2":"type-post","3":"status-publish","4":"format-standard","5":"has-post-thumbnail","7":"category-toulouse","8":"tag-actu","9":"tag-actualites","10":"tag-eu","11":"tag-europe","12":"tag-fr","13":"tag-france","14":"tag-news","15":"tag-occitanie","16":"tag-republique-francaise","17":"tag-toulouse"},"share_on_mastodon":{"url":"https:\/\/pubeurope.com\/@fr\/115080238378463665","error":""},"_links":{"self":[{"href":"https:\/\/www.europesays.com\/fr\/wp-json\/wp\/v2\/posts\/339320","targetHints":{"allow":["GET"]}}],"collection":[{"href":"https:\/\/www.europesays.com\/fr\/wp-json\/wp\/v2\/posts"}],"about":[{"href":"https:\/\/www.europesays.com\/fr\/wp-json\/wp\/v2\/types\/post"}],"author":[{"embeddable":true,"href":"https:\/\/www.europesays.com\/fr\/wp-json\/wp\/v2\/users\/2"}],"replies":[{"embeddable":true,"href":"https:\/\/www.europesays.com\/fr\/wp-json\/wp\/v2\/comments?post=339320"}],"version-history":[{"count":0,"href":"https:\/\/www.europesays.com\/fr\/wp-json\/wp\/v2\/posts\/339320\/revisions"}],"wp:featuredmedia":[{"embeddable":true,"href":"https:\/\/www.europesays.com\/fr\/wp-json\/wp\/v2\/media\/339321"}],"wp:attachment":[{"href":"https:\/\/www.europesays.com\/fr\/wp-json\/wp\/v2\/media?parent=339320"}],"wp:term":[{"taxonomy":"category","embeddable":true,"href":"https:\/\/www.europesays.com\/fr\/wp-json\/wp\/v2\/categories?post=339320"},{"taxonomy":"post_tag","embeddable":true,"href":"https:\/\/www.europesays.com\/fr\/wp-json\/wp\/v2\/tags?post=339320"}],"curies":[{"name":"wp","href":"https:\/\/api.w.org\/{rel}","templated":true}]}}