{"id":339323,"date":"2025-08-23T21:39:12","date_gmt":"2025-08-23T21:39:12","guid":{"rendered":"https:\/\/www.europesays.com\/fr\/339323\/"},"modified":"2025-08-23T21:39:12","modified_gmt":"2025-08-23T21:39:12","slug":"sur-la-ligne-marseille-nice-que-pensent-les-voyageurs-de-transdev","status":"publish","type":"post","link":"https:\/\/www.europesays.com\/fr\/339323\/","title":{"rendered":"sur la ligne Marseille-Nice, que pensent les voyageurs de Transdev\u00a0?"},"content":{"rendered":"<p>Jeudi 21\u00a0ao\u00fbt, 6\u00a0h\u00a057. Gare Saint-Charles, Marseille. Le TER n\u00b017469 s\u2019\u00e9lance \u00e0 l\u2019heure de la voie\u00a0B. \u00c0 bord, des travailleurs rejoignant Toulon. Le 29\u00a0juin, leur quotidien a chang\u00e9\u00a0: <a href=\"https:\/\/www.laprovence.com\/article\/societe\/7969226044806514\/le-changement-est-radical-comment-transdev-prepare-son-arrivee-sur-la-ligne-marseille-toulon-nice\" target=\"_blank\" rel=\"noopener\">l\u2019op\u00e9rateur Transdev<\/a> a remplac\u00e9 la SNCF, effectuant d\u00e9sormais 14\u00a0allers-retours par jour.<\/p>\n<p>Pourtant, des t\u00e9moignages ont, ces derni\u00e8res semaines, fait \u00e9tat de retards r\u00e9currents, sur les r\u00e9seaux sociaux. \u00ab\u00a0J\u2019emprunte le train chaque jour et je ne vois pas d\u2019am\u00e9lioration, nous a par exemple \u00e9crit Anthony, \u00e9lectricien \u00e0 Antibes. Une fois, j\u2019ai eu 1\u00a0h\u00a040 de retard, mais g\u00e9n\u00e9ralement, c\u2019est 15 ou 30\u00a0minutes. Mais les trains sont neufs et propres.\u00a0\u00bb<\/p>\n<p>La Fnaut dit n\u2019avoir \u00ab\u00a0re\u00e7u aucune plainte\u00a0\u00bb<\/p>\n<p>Dans un communiqu\u00e9, la branche r\u00e9gionale de la F\u00e9d\u00e9ration des associations d\u2019usagers des transports (<a href=\"https:\/\/www.laprovence.com\/article\/societe\/6342800095546114\/retards-des-ter-en-provence-au-moindre-pepin-le-chateau-de-cartes-secroule-deplore-une-association-dusagers\" target=\"_blank\" rel=\"noopener\">Fnaut<\/a>) s\u2019est indign\u00e9e d\u2019une campagne de \u00ab\u00a0d\u00e9sinformation\u00a0\u00bb contre Transdev, \u00ab\u00a0mettant en doute la qualit\u00e9 du service\u00a0\u00bb<strong>.<\/strong> Historiquement favorable \u00e0 l\u2019ouverture \u00e0 la concurrence, elle dit n\u2019avoir \u00ab\u00a0re\u00e7u aucune plainte d\u2019usagers\u00a0\u00bb, et affirme qu\u2019ils \u00ab\u00a0appr\u00e9cient largement ces trains\u00a0\u00bb.<\/p>\n<p>Dans <a href=\"https:\/\/www.laprovence.com\/article\/societe\/7971381792430614\/exclusif-on-est-montes-dans-le-nouveau-train-de-transdev-qui-va-revolutionner-la-ligne-marseille-toulon-nice\" target=\"_blank\" rel=\"noopener\">le TER<\/a>, il y a pourtant Sam, habitu\u00e9 qui ne voit pas d\u2019am\u00e9lioration. \u00ab\u00a0Il y a toujours des retards, de 20\u00a0minutes \u00e0 2\u00a0h. Mais \u00e7a vient de la ligne, pas de Transdev.\u00a0\u00bb<\/p>\n<p>\u00ab\u00a0Il y a parfois des retards, mais c\u2019est g\u00e9rable\u00a0\u00bb<\/p>\n<p>Mais beaucoup de passagers, comme Audrey, ont plut\u00f4t le sourire. \u00ab\u00a0Il y a parfois des retards de 10\u00a0minutes, un quart d\u2019heure, constate la Varoise. Mais c\u2019est plus g\u00e9rable qu\u2019une heure. Surtout, le prix de l\u2019abonnement a baiss\u00e9 de 20<strong>\u00a0%<\/strong> (\u00e0 la suite de <a href=\"https:\/\/www.laprovence.com\/article\/region\/2290922275478614\/taxe-mobilites-bientot-une-baisse-de-20-du-tarif-des-abonnements-ter\" target=\"_blank\" rel=\"noopener\">la mise en place d\u2019une taxe r\u00e9gionale sur les entreprises<\/a>, NDLR).\u00a0\u00bb<\/p>\n<p>La plus grande fr\u00e9quence des trains est, enfin, globalement salu\u00e9e. \u00ab\u00a0Il y en a plus qu\u2019avant, c\u2019est pratique, admet une voyageuse qui l\u2019emprunte matin et soir de Marseille \u00e0 Toulon. Le probl\u00e8me, c\u2019est qu\u2019il manque toujours un peu de place pour les v\u00e9los. Des retards, je n\u2019en ai pas encore constat\u00e9.\u00a0\u00bb Ce ne sera pas pour cette fois. \u00c0 9\u00a0h\u00a038, le TER est arriv\u00e9 au bout du quai\u00a0Y, en gare de Nice-Ville. \u00c0 l\u2019heure.<\/p>\n","protected":false},"excerpt":{"rendered":"Jeudi 21\u00a0ao\u00fbt, 6\u00a0h\u00a057. Gare Saint-Charles, Marseille. Le TER n\u00b017469 s\u2019\u00e9lance \u00e0 l\u2019heure de la voie\u00a0B. \u00c0 bord, des&hellip;\n","protected":false},"author":2,"featured_media":339324,"comment_status":"","ping_status":"","sticky":false,"template":"","format":"standard","meta":{"footnotes":""},"categories":[2814],"tags":[17,1111,11,1777,674,1011,27,151,3052,884,21723,12,882,16,25,14729,3356,22920],"class_list":{"0":"post-339323","1":"post","2":"type-post","3":"status-publish","4":"format-standard","5":"has-post-thumbnail","7":"category-marseille","8":"tag-17","9":"tag-actu","10":"tag-actualites","11":"tag-eu","12":"tag-europe","13":"tag-fr","14":"tag-france","15":"tag-les","16":"tag-ligne","17":"tag-marseille","18":"tag-marseille-nice","19":"tag-news","20":"tag-provence-alpes-cote-dazur","21":"tag-region","22":"tag-republique-francaise","23":"tag-retards","24":"tag-sur","25":"tag-viennent"},"share_on_mastodon":{"url":"https:\/\/pubeurope.com\/@fr\/115080250265844208","error":""},"_links":{"self":[{"href":"https:\/\/www.europesays.com\/fr\/wp-json\/wp\/v2\/posts\/339323","targetHints":{"allow":["GET"]}}],"collection":[{"href":"https:\/\/www.europesays.com\/fr\/wp-json\/wp\/v2\/posts"}],"about":[{"href":"https:\/\/www.europesays.com\/fr\/wp-json\/wp\/v2\/types\/post"}],"author":[{"embeddable":true,"href":"https:\/\/www.europesays.com\/fr\/wp-json\/wp\/v2\/users\/2"}],"replies":[{"embeddable":true,"href":"https:\/\/www.europesays.com\/fr\/wp-json\/wp\/v2\/comments?post=339323"}],"version-history":[{"count":0,"href":"https:\/\/www.europesays.com\/fr\/wp-json\/wp\/v2\/posts\/339323\/revisions"}],"wp:featuredmedia":[{"embeddable":true,"href":"https:\/\/www.europesays.com\/fr\/wp-json\/wp\/v2\/media\/339324"}],"wp:attachment":[{"href":"https:\/\/www.europesays.com\/fr\/wp-json\/wp\/v2\/media?parent=339323"}],"wp:term":[{"taxonomy":"category","embeddable":true,"href":"https:\/\/www.europesays.com\/fr\/wp-json\/wp\/v2\/categories?post=339323"},{"taxonomy":"post_tag","embeddable":true,"href":"https:\/\/www.europesays.com\/fr\/wp-json\/wp\/v2\/tags?post=339323"}],"curies":[{"name":"wp","href":"https:\/\/api.w.org\/{rel}","templated":true}]}}