{"id":339325,"date":"2025-08-23T21:40:15","date_gmt":"2025-08-23T21:40:15","guid":{"rendered":"https:\/\/www.europesays.com\/fr\/339325\/"},"modified":"2025-08-23T21:40:15","modified_gmt":"2025-08-23T21:40:15","slug":"deux-malfaiteurs-condamnes-pour-avoir-detourne-plus-de-350-000-euros-de-produits-cosmetiques","status":"publish","type":"post","link":"https:\/\/www.europesays.com\/fr\/339325\/","title":{"rendered":"deux malfaiteurs condamn\u00e9s pour avoir d\u00e9tourn\u00e9 plus de 350.000 euros de produits cosm\u00e9tiques"},"content":{"rendered":"<p class=\"intro \">Une importante affaire de d\u00e9tournement de produits cosm\u00e9tiques vient d&rsquo;\u00eatre r\u00e9solue \u00e0 Marseille. Deux individus ont r\u00e9ussi \u00e0 d\u00e9rober, de mani\u00e8re tr\u00e8s organis\u00e9e, plus de 350.000 euros de marchandises. Ils ont \u00e9t\u00e9 condamn\u00e9s \u00e0 des peines de prison ferme.<\/p>\n<p>Maquillages, cr\u00e8mes, parfums&#8230; Pris\u00e9s et co\u00fbteux, les <a href=\"https:\/\/www.europe1.fr\/economie\/un-coup-tres-dur-pour-nous-le-secteur-francais-des-cosmetiques-lourdement-impacte-par-les-droits-de-douane-americains-766152\" rel=\"nofollow noopener\" target=\"_blank\">produits cosm\u00e9tiques<\/a> donnent des id\u00e9es \u00e0 des voleurs qui alimentent un march\u00e9 noir. Loin des histoires de vol \u00e0 l&rsquo;\u00e9talage, des \u00e9quipes se forment pour d\u00e9tourner de grosses quantit\u00e9s. \u00c0 <a href=\"https:\/\/www.europe1.fr\/dossiers\/marseille\" rel=\"nofollow noopener\" target=\"_blank\">Marseille<\/a>, c&rsquo;est une affaire majeure qui vient d&rsquo;\u00eatre r\u00e9solue devant le tribunal.<\/p>\n<p>    La suite apr\u00e8s cette publicit\u00e9<\/p>\n<p>    La suite apr\u00e8s cette publicit\u00e9<\/p>\n<p>Un syst\u00e8me bien rod\u00e9<\/p>\n<p>Au total, l&rsquo;\u00e9quivalent de 350.000 euros de marchandises a \u00e9t\u00e9 d\u00e9rob\u00e9 en l&rsquo;espace de 6 mois. Bien organis\u00e9s, les deux malfaiteurs op\u00e9raient durant les livraisons.<\/p>\n<p>\u00ab\u00a0Nous avons identifi\u00e9 deux personnes, dont le chauffeur poids lourd qui va faire monter un complice pour l&rsquo;aider et qui effectuera l&rsquo;ensemble de la tourn\u00e9e avec le chauffeur\u00a0\u00bb, explique le lieutenant-colonel Fabrice. \u00ab\u00a0Au cours des livraisons, les individus vont profiter de l&rsquo;arr\u00eat du poids lourd, qui est en attente de livraison d&rsquo;une palette au profit d&rsquo;un magasin, pour monter \u00e0 l&rsquo;arri\u00e8re du camion et commencer \u00e0 r\u00e9cup\u00e9rer les cartons\u00a0\u00bb, a-t-il d\u00e9taill\u00e9.<\/p>\n<p>    La suite apr\u00e8s cette publicit\u00e9<\/p>\n<p>    La suite apr\u00e8s cette publicit\u00e9<\/p>\n<p><a href=\"https:\/\/www.europe1.fr\/dossiers\/police\" rel=\"nofollow noopener\" target=\"_blank\">Les enqu\u00eateurs<\/a> ont proc\u00e9d\u00e9 \u00e0 10 jours d&rsquo;\u00e9coutes et de filature pour les prendre en flagrant d\u00e9lit. Ils ont ainsi d\u00e9couvert un circuit de revente particuli\u00e8rement bien organis\u00e9.<\/p>\n<p>Les acheteurs \u00e9galement passibles de poursuites<\/p>\n<p>\u00ab\u00a01.500 produits ont \u00e9t\u00e9 d\u00e9rob\u00e9s, des objets qui attirent forc\u00e9ment les convoitises.\u00a0Il y a des gens qui souhaitent profiter de tout ce qu&rsquo;est l&rsquo;\u00e9conomie parall\u00e8le. On peut estimer qu&rsquo;il y a entre 30.000 et 40.000 euros de gains nets pour l&rsquo;un et pour l&rsquo;autre\u00a0\u00bb, ajoute le lieutenant-colonel Fabrice.<\/p>\n<p>    La suite apr\u00e8s cette publicit\u00e9<\/p>\n<p>    La suite apr\u00e8s cette publicit\u00e9<\/p>\n<p>Ce dernier ajoute que les produits \u00ab\u00a0\u00e9taient transport\u00e9s dans un sac de course lambda et ensuite sont revendus tr\u00e8s rapidement\u00a0\u00bb. La plupart des marchandises \u00e9taient propos\u00e9es \u00ab\u00a0\u00e0 moiti\u00e9 prix via les r\u00e9seaux sociaux, mais \u00e9galement via certains march\u00e9s peu scrupuleux\u00a0\u00bb, conclut-il.<\/p>\n<p>Apr\u00e8s une proc\u00e9dure de reconnaissance de culpabilit\u00e9, les deux d\u00e9linquants ont \u00e9cop\u00e9 de peines de prison de 24 et 30 mois. Les enqu\u00eateurs rappellent \u00e9galement que les acheteurs de marchandises d\u00e9tourn\u00e9es sont \u00e9galement passibles de poursuites judiciaires.<\/p>\n","protected":false},"excerpt":{"rendered":"Une importante affaire de d\u00e9tournement de produits cosm\u00e9tiques vient d&rsquo;\u00eatre r\u00e9solue \u00e0 Marseille. Deux individus ont r\u00e9ussi \u00e0&hellip;\n","protected":false},"author":2,"featured_media":339326,"comment_status":"","ping_status":"","sticky":false,"template":"","format":"standard","meta":{"footnotes":""},"categories":[2814],"tags":[1111,11,1777,674,1011,27,884,12,882,25],"class_list":{"0":"post-339325","1":"post","2":"type-post","3":"status-publish","4":"format-standard","5":"has-post-thumbnail","7":"category-marseille","8":"tag-actu","9":"tag-actualites","10":"tag-eu","11":"tag-europe","12":"tag-fr","13":"tag-france","14":"tag-marseille","15":"tag-news","16":"tag-provence-alpes-cote-dazur","17":"tag-republique-francaise"},"share_on_mastodon":{"url":"https:\/\/pubeurope.com\/@fr\/115080254213796627","error":""},"_links":{"self":[{"href":"https:\/\/www.europesays.com\/fr\/wp-json\/wp\/v2\/posts\/339325","targetHints":{"allow":["GET"]}}],"collection":[{"href":"https:\/\/www.europesays.com\/fr\/wp-json\/wp\/v2\/posts"}],"about":[{"href":"https:\/\/www.europesays.com\/fr\/wp-json\/wp\/v2\/types\/post"}],"author":[{"embeddable":true,"href":"https:\/\/www.europesays.com\/fr\/wp-json\/wp\/v2\/users\/2"}],"replies":[{"embeddable":true,"href":"https:\/\/www.europesays.com\/fr\/wp-json\/wp\/v2\/comments?post=339325"}],"version-history":[{"count":0,"href":"https:\/\/www.europesays.com\/fr\/wp-json\/wp\/v2\/posts\/339325\/revisions"}],"wp:featuredmedia":[{"embeddable":true,"href":"https:\/\/www.europesays.com\/fr\/wp-json\/wp\/v2\/media\/339326"}],"wp:attachment":[{"href":"https:\/\/www.europesays.com\/fr\/wp-json\/wp\/v2\/media?parent=339325"}],"wp:term":[{"taxonomy":"category","embeddable":true,"href":"https:\/\/www.europesays.com\/fr\/wp-json\/wp\/v2\/categories?post=339325"},{"taxonomy":"post_tag","embeddable":true,"href":"https:\/\/www.europesays.com\/fr\/wp-json\/wp\/v2\/tags?post=339325"}],"curies":[{"name":"wp","href":"https:\/\/api.w.org\/{rel}","templated":true}]}}