{"id":339327,"date":"2025-08-23T21:41:21","date_gmt":"2025-08-23T21:41:21","guid":{"rendered":"https:\/\/www.europesays.com\/fr\/339327\/"},"modified":"2025-08-23T21:41:21","modified_gmt":"2025-08-23T21:41:21","slug":"metropole-de-lyon-cette-pub-ole-ole-qui-fait-vibrer-le-reseau-des-transports-en-commun-lyonnais","status":"publish","type":"post","link":"https:\/\/www.europesays.com\/fr\/339327\/","title":{"rendered":"M\u00e9tropole de Lyon. Cette pub \u2018\u2018ol\u00e9 ol\u00e9\u2019\u2019 qui fait vibrer le r\u00e9seau des Transports en commun lyonnais"},"content":{"rendered":"<p>\u00ab\u00a030 minutes pour aller au taf, 2 min pour te faire veniiiir\u00a0\u00bb. Le message publicitaire colle le \u00ab\u00a0cul\u00a0\u00bb de 494 bus des transports en commun lyonnais (TCL) depuis le 19\u00a0ao\u00fbt 2025. Et \u00e7a va durer jusqu\u2019au 25. Sur l\u2019affiche, il y a aussi la mention \u00ab\u00a0Womanizer\u00a0\u00bb, du nom du <a href=\"https:\/\/www.leprogres.fr\/magazine-lifestyle\/2021\/02\/20\/l-usage-des-sextoys-seul-ou-a-deux-decrypte-par-maia-mazaurette\" target=\"_blank\" rel=\"noopener\">sex-toy<\/a> phare des boutiques \u00ab\u00a0Passage du d\u00e9sir\u00a0\u00bb, dont celle de Lyon est situ\u00e9e au centre commercial de la Part-Dieu.<\/p>\n<p>Enfin, la silhouette du joujou est sugg\u00e9r\u00e9e, en forme de virgule \u00e9vanescente. \u00ab\u00a0Bruno Bernard, pensez-vous que de la publicit\u00e9 pour des sex-toys a sa place sur les bus TCL de Lyon, \u00e0 la vue des jeunes enfants\u00a0\u00bb, s\u2019est agac\u00e9 le premier adjoint (LR) du 2e  arrondissement de Lyon, Jean-St\u00e9phane Chaillet dans un message post\u00e9 sur\u2026 X, le 20\u00a0ao\u00fbt.<\/p>\n<p>\u00ab\u00a0Il a mauvais esprit car les 2 minutes pour veniiiir\u00a0\u00bb\u2026 c\u2019est \u00ab\u00a0pour arriver \u00e0 la boutique\u00a0!\u00a0\u00bb, comme le signale l\u2019ast\u00e9risque en petites lettres, sur le c\u00f4t\u00e9 de l\u2019affiche, lui r\u00e9pond, amus\u00e9, Patrick Pruvot, fondateur de ces \u00ab\u00a0boutiques de cadeaux pour les grand.es\u00a0\u00bb, interrog\u00e9 par Le Progr\u00e8s.<\/p>\n<p>  \u00ab\u00a0Notre intention n\u2019est pas de choquer\u00a0\u00bb<\/p>\n<p>\u00ab\u00a0Notre intention n\u2019est pas de choquer et on s\u2019en excuse, si c\u2019est le cas\u00a0\u00bb, ajoute aussit\u00f4t le chef d\u2019entreprise joint par t\u00e9l\u00e9phone \u00e0 Marseille, mais \u00ab\u00a0de d\u00e9dramatiser la sexualit\u00e9\u00a0\u00bb.<\/p>\n<p>\u00ab\u00a0Les Fran\u00e7ais ont davantage de pudeur que les Allemands ou les Anglais pour les produits coquins\u00a0; c\u2019est pour cela que nous avons volontairement pris un ton humoristique d\u00e9cal\u00e9\u00a0\u00bb, poursuit-il avant de pointer \u00ab\u00a0qu\u2019aucun sex-toy n\u2019est montr\u00e9 et que le mot sexe n\u2019appara\u00eet pas\u00a0\u00bb.<\/p>\n<p>Mais s\u2019agissant du verbe \u00ab\u00a0venir\u00a0\u00bb signifiant la jouissance sexuelle, est-ce bien compr\u00e9hensible, m\u00eame pour les adultes\u00a0? \u00ab\u00a0Comme nous voulons \u00eatre dans la suggestion, sans \u00eatre vulgaires, nous prenons le risque, en effet, qu\u2019une partie des gens ne comprenne pas\u00a0\u00bb.<\/p>\n<p>  La campagne n\u2019est pas exclusive \u00e0 Lyon<\/p>\n<p>Enfin, qu\u2019en est-il de la conformit\u00e9 de la publicit\u00e9 aux\u2026 \u00ab\u00a0bonnes m\u0153urs\u00a0\u00bb\u00a0? \u00ab\u00a0Il n\u2019y a plus de bureau de la publicit\u00e9, et ce sont les r\u00e9gies de bus qui peuvent refuser l\u2019affiche, non plus sur un fondement l\u00e9gal, mais par crainte de choquer, par exemple\u00a0\u00bb, r\u00e9pond le fondateur de la marque.<\/p>\n<p>La campagne n\u2019est pas exclusive \u00e0 Lyon, puisqu\u2019elle se d\u00e9roule aussi dans la capitale et dans d\u2019autres villes fran\u00e7aises.<\/p>\n<p class=\"note\">Contact\u00e9, Sytral Mobilit\u00e9s, l\u2019autorit\u00e9 organisatrice des transports en commun lyonnais, n\u2019a pas r\u00e9pondu \u00e0 notre sollicitation.<\/p>\n","protected":false},"excerpt":{"rendered":"\u00ab\u00a030 minutes pour aller au taf, 2 min pour te faire veniiiir\u00a0\u00bb. Le message publicitaire colle le \u00ab\u00a0cul\u00a0\u00bb&hellip;\n","protected":false},"author":2,"featured_media":339328,"comment_status":"","ping_status":"","sticky":false,"template":"","format":"standard","meta":{"footnotes":""},"categories":[1889],"tags":[1111,11,2430,3542,2757,1777,674,107,1011,27,2428,2756,12,25,2429,10213,2803],"class_list":{"0":"post-339327","1":"post","2":"type-post","3":"status-publish","4":"format-standard","5":"has-post-thumbnail","7":"category-lyon","8":"tag-actu","9":"tag-actualites","10":"tag-auvergne-rhone-alpes","11":"tag-circulation","12":"tag-edition-lyon-villeurbanne","13":"tag-eu","14":"tag-europe","15":"tag-fil-info","16":"tag-fr","17":"tag-france","18":"tag-lyon","19":"tag-lyon-bassin","20":"tag-news","21":"tag-republique-francaise","22":"tag-rhone","23":"tag-tcl","24":"tag-transport"},"share_on_mastodon":{"url":"https:\/\/pubeurope.com\/@fr\/115080258137163191","error":""},"_links":{"self":[{"href":"https:\/\/www.europesays.com\/fr\/wp-json\/wp\/v2\/posts\/339327","targetHints":{"allow":["GET"]}}],"collection":[{"href":"https:\/\/www.europesays.com\/fr\/wp-json\/wp\/v2\/posts"}],"about":[{"href":"https:\/\/www.europesays.com\/fr\/wp-json\/wp\/v2\/types\/post"}],"author":[{"embeddable":true,"href":"https:\/\/www.europesays.com\/fr\/wp-json\/wp\/v2\/users\/2"}],"replies":[{"embeddable":true,"href":"https:\/\/www.europesays.com\/fr\/wp-json\/wp\/v2\/comments?post=339327"}],"version-history":[{"count":0,"href":"https:\/\/www.europesays.com\/fr\/wp-json\/wp\/v2\/posts\/339327\/revisions"}],"wp:featuredmedia":[{"embeddable":true,"href":"https:\/\/www.europesays.com\/fr\/wp-json\/wp\/v2\/media\/339328"}],"wp:attachment":[{"href":"https:\/\/www.europesays.com\/fr\/wp-json\/wp\/v2\/media?parent=339327"}],"wp:term":[{"taxonomy":"category","embeddable":true,"href":"https:\/\/www.europesays.com\/fr\/wp-json\/wp\/v2\/categories?post=339327"},{"taxonomy":"post_tag","embeddable":true,"href":"https:\/\/www.europesays.com\/fr\/wp-json\/wp\/v2\/tags?post=339327"}],"curies":[{"name":"wp","href":"https:\/\/api.w.org\/{rel}","templated":true}]}}