{"id":339329,"date":"2025-08-23T21:42:15","date_gmt":"2025-08-23T21:42:15","guid":{"rendered":"https:\/\/www.europesays.com\/fr\/339329\/"},"modified":"2025-08-23T21:42:15","modified_gmt":"2025-08-23T21:42:15","slug":"football-lyon-confirme-son-renouveau-en-ligue-1-en-battant-metz","status":"publish","type":"post","link":"https:\/\/www.europesays.com\/fr\/339329\/","title":{"rendered":"Football. Lyon confirme son renouveau en Ligue 1 en battant Metz"},"content":{"rendered":"<p>Lyon a confirm\u00e9 sa bonne entr\u00e9e en mati\u00e8re \u00e0 Lens la semaine derni\u00e8re en battant largement 3-0 le promu Metz, samedi au Groupama stadium lors de la 2e journ\u00e9e de Ligue 1.\u00a0<\/p>\n<p>C&rsquo;est le Belge Malick Fofana qui a ouvert la marque apr\u00e8s un service dans la surface de r\u00e9paration du Tch\u00e8que Pavel Sulc, l&rsquo;une des recrues de l&rsquo;intersaison (25e). Fofana, dont l&rsquo;avenir lyonnais reste incertain, s&rsquo;\u00e9tait d\u00e9j\u00e0 illustr\u00e9 \u00e0 Lens en d\u00e9livrant une passe d\u00e9cisive \u00e0 Georges Mikautadze, unique buteur du match en Artois.<\/p>\n<p>Les recrues lyonnaises en r\u00e9ussite<\/p>\n<p>Cinq minutes plus tard, Corentin Tolisso a ajout\u00e9 un deuxi\u00e8me but \u00e0 la conclusion d&rsquo;une belle action collective initi\u00e9e par l&rsquo;Anglais Tyler Morton, une autre recrue de l&rsquo;OL, qui a servi sur l&rsquo;aile droite son compatriote Ainsley Maitland-Niles. Le centre de ce dernier a trouv\u00e9 Tolisso qui a repris victorieusement \u00e0 bout portant (30e).<\/p>\n<p>En fin de partie, le Tch\u00e8que Adam Karabec, lui aussi arriv\u00e9 il y a quelques semaines, a port\u00e9 le score \u00e0 3-0 en reprenant un ballon qui avait heurt\u00e9 la barre transversale apr\u00e8s une reprise de la t\u00eate de l&rsquo;Am\u00e9ricain Tanner Tessmann \u00e0 la suite d&rsquo;un coup franc (83e).<\/p>\n<p>Lyon aurait m\u00eame pu l&#8217;emporter plus largement. Si le d\u00e9but de seconde p\u00e9riode a \u00e9t\u00e9 un peu plus difficile, les Lyonnais ont su bien terminer avec un jeu collectif fluide, au sein duquel les nouveaux joueurs, tous jeunes et qui affichent un potentiel certain, semblent s&rsquo;\u00eatre d\u00e9j\u00e0 bien adapt\u00e9s.<\/p>\n<p>Premier test \u00e0 venir contre l&rsquo;OM<\/p>\n<p>De leur c\u00f4t\u00e9, les Messins, qui ont parfois fait jeu \u00e9gal avec leurs adversaires, ont bien tent\u00e9 de d\u00e9velopper quelques offensives int\u00e9ressantes mais elles ont manqu\u00e9 de percussion devant la d\u00e9fense de l&rsquo;OL bien organis\u00e9e.<\/p>\n<p>Avec ce succ\u00e8s, l&rsquo;OL prend provisoirement la t\u00eate du championnat avec le m\u00eame nombre de points que le PSG. Les Lyonnais recevront Marseille avec un bon capital confiance le 31 ao\u00fbt pour un premier test qui permettra de juger leur aptitude \u00e0 se m\u00ealer \u00e0 la lutte pour les places europ\u00e9ennes, l&rsquo;objectif affich\u00e9 du club.\u00a0Pour les Messins, 18e et derniers, c&rsquo;est d\u00e9j\u00e0 la deuxi\u00e8me d\u00e9faite apr\u00e8s celle conc\u00e9d\u00e9e \u00e0 domicile face \u00e0 Strasbourg (1-0).<\/p>\n","protected":false},"excerpt":{"rendered":"Lyon a confirm\u00e9 sa bonne entr\u00e9e en mati\u00e8re \u00e0 Lens la semaine derni\u00e8re en battant largement 3-0 le&hellip;\n","protected":false},"author":2,"featured_media":339330,"comment_status":"","ping_status":"","sticky":false,"template":"","format":"standard","meta":{"footnotes":""},"categories":[1889],"tags":[1111,11,2430,1777,674,107,63,1011,27,7020,2428,12,9442,25,517,1947],"class_list":{"0":"post-339329","1":"post","2":"type-post","3":"status-publish","4":"format-standard","5":"has-post-thumbnail","7":"category-lyon","8":"tag-actu","9":"tag-actualites","10":"tag-auvergne-rhone-alpes","11":"tag-eu","12":"tag-europe","13":"tag-fil-info","14":"tag-football","15":"tag-fr","16":"tag-france","17":"tag-ligue-1-football","18":"tag-lyon","19":"tag-news","20":"tag-ol-olympique-lyonnais","21":"tag-republique-francaise","22":"tag-sport","23":"tag-sport-national"},"share_on_mastodon":{"url":"https:\/\/pubeurope.com\/@fr\/115080261965294919","error":""},"_links":{"self":[{"href":"https:\/\/www.europesays.com\/fr\/wp-json\/wp\/v2\/posts\/339329","targetHints":{"allow":["GET"]}}],"collection":[{"href":"https:\/\/www.europesays.com\/fr\/wp-json\/wp\/v2\/posts"}],"about":[{"href":"https:\/\/www.europesays.com\/fr\/wp-json\/wp\/v2\/types\/post"}],"author":[{"embeddable":true,"href":"https:\/\/www.europesays.com\/fr\/wp-json\/wp\/v2\/users\/2"}],"replies":[{"embeddable":true,"href":"https:\/\/www.europesays.com\/fr\/wp-json\/wp\/v2\/comments?post=339329"}],"version-history":[{"count":0,"href":"https:\/\/www.europesays.com\/fr\/wp-json\/wp\/v2\/posts\/339329\/revisions"}],"wp:featuredmedia":[{"embeddable":true,"href":"https:\/\/www.europesays.com\/fr\/wp-json\/wp\/v2\/media\/339330"}],"wp:attachment":[{"href":"https:\/\/www.europesays.com\/fr\/wp-json\/wp\/v2\/media?parent=339329"}],"wp:term":[{"taxonomy":"category","embeddable":true,"href":"https:\/\/www.europesays.com\/fr\/wp-json\/wp\/v2\/categories?post=339329"},{"taxonomy":"post_tag","embeddable":true,"href":"https:\/\/www.europesays.com\/fr\/wp-json\/wp\/v2\/tags?post=339329"}],"curies":[{"name":"wp","href":"https:\/\/api.w.org\/{rel}","templated":true}]}}