{"id":339333,"date":"2025-08-23T21:46:12","date_gmt":"2025-08-23T21:46:12","guid":{"rendered":"https:\/\/www.europesays.com\/fr\/339333\/"},"modified":"2025-08-23T21:46:12","modified_gmt":"2025-08-23T21:46:12","slug":"paris-encore-un-homme-blesse-au-couteau-en-voulant-defendre-son-amie","status":"publish","type":"post","link":"https:\/\/www.europesays.com\/fr\/339333\/","title":{"rendered":"Paris : encore un homme bless\u00e9 au couteau en voulant d\u00e9fendre son amie"},"content":{"rendered":"<p class=\"paragraph text_align_left lp-f-body-02\">C\u2019est la deuxi\u00e8me <a href=\"https:\/\/www.leparisien.fr\/faits-divers\/paris-il-intervient-pour-defendre-sa-compagne-dans-le-tramway-et-recoit-cinq-coups-de-couteau-23-08-2025-FDXNQANPVVHSBCQ5I457AI4QGA.php\" target=\"_self\" rel=\"nofollow noopener\">agression de ce type en quelques heures.<\/a> Ce samedi \u00e0 l\u2019aube, un homme a \u00e9t\u00e9 bless\u00e9 au couteau alors que, selon les premiers \u00e9l\u00e9ments de l\u2019enqu\u00eate, il tentait de secourir une de ses amies. L\u00e0 non plus ses jours ne sont pas en danger mais il a tout de m\u00eame \u00e9t\u00e9 conduit \u00e0 l\u2019h\u00f4pital par s\u00e9curit\u00e9. <\/p>\n<p class=\"paragraph text_align_left lp-f-body-02\">Il est aux alentours de 05h30 quand une jeune femme en panique appelle la police. Elle se trouve au niveau de la rue Saint-Martin, \u00e0 c\u00f4t\u00e9 du square de la Tour Saint-Jacques, \u00e0 deux pas de l\u2019H\u00f4tel-de-Ville. Trois hommes la suivent et l\u2019un d\u2019entre eux est arm\u00e9 d\u2019un couteau. <\/p>\n<p>La victime dans une mare de sang<\/p>\n<p class=\"paragraph text_align_left lp-f-body-02\">A la salle de commandement, on d\u00e9p\u00eache aussit\u00f4t un \u00e9quipage sur les lieux. Les policiers d\u00e9couvrent un homme au sol, baignant dans une mare de sang. La victime pr\u00e9sente une plaie au niveau de la jambe droite. Que s\u2019est-il pass\u00e9 ? <\/p>\n<p class=\"paragraph text_align_left lp-f-body-02\">La femme qui a pass\u00e9 le coup de fil l\u2019explique aux policiers. D\u2019apr\u00e8s elle, apr\u00e8s avoir t\u00e9l\u00e9phon\u00e9, elle a continu\u00e9 \u00e0 cheminer jusqu\u2019\u00e0 tomber sur des amis \u00e0 elle. Les avaient-elles appel\u00e9s avant les fonctionnaires ? On ne sait pas. <\/p>\n<p class=\"lp-card-podcast-highlighting__title  lp-f-subtitle-05\">[4\/4] C\u00e9cile Vallin, les secrets d\u2019une disparition<\/p>\n<p class=\"lp-card-podcast-highlighting__description lp-f-ui-05\">Crime story raconte chaque semaine les grandes affaires criminelles.<\/p>\n<p><a class=\"lp-card-podcast-highlighting__call-to-action\" data-page-type=\"HP\" data-block-name=\"podcast-highlight\">\u00c9couter<\/a><\/p>\n<p class=\"paragraph text_align_left lp-f-body-02\">Toujours est-il qu\u2019une bagarre a \u00e9clat\u00e9 entre les trois hommes qui suivaient la jeune femme et ses amis. Et ensuite ? Ensuite, elle a pris la fuite vers le quai de la M\u00e9gisserie. D\u2019apr\u00e8s la victime du coup de couteau, il aurait pris le dessus sur deux des agresseurs. Et c\u2019est l\u00e0 que l\u2019un d\u2019entre eux a sorti sa lame et lui a port\u00e9 un coup. <\/p>\n<p>Les agresseurs toujours recherch\u00e9s<\/p>\n<p class=\"paragraph text_align_left lp-f-body-02\">Le jeune homme a \u00e9t\u00e9 pris en charge par les pompiers qui l\u2019ont conduit \u00e0 l\u2019h\u00f4pital Cochin, vraisemblablement pour lui poser des points de suture. Son pronostic vital n\u2019est pas engag\u00e9. <\/p>\n<p class=\"paragraph text_align_left lp-f-body-02\">Plusieurs \u00e9quipages de police ont tourn\u00e9 sur le secteur pour tenter de retrouver les agresseurs pr\u00e9sum\u00e9s. Ce samedi matin, personne n\u2019avait \u00e9t\u00e9 interpell\u00e9. <\/p>\n<p class=\"paragraph text_align_left lp-f-body-02\">Plus t\u00f4t dans la nuit, vers 0h30, un Parisien de 30 ans a \u00e9t\u00e9 bless\u00e9 d\u2019au moins cinq coups de couteau \u00e0 la sortie du tramway, au niveau de la Porte de Vanves \u00e0 Paris (XIV), pr\u00e8s de chez lui. Il \u00e9tait lui aussi intervenu pour secourir sa compagne qui \u00e9tait importun\u00e9e. <\/p>\n","protected":false},"excerpt":{"rendered":"C\u2019est la deuxi\u00e8me agression de ce type en quelques heures. Ce samedi \u00e0 l\u2019aube, un homme a \u00e9t\u00e9&hellip;\n","protected":false},"author":2,"featured_media":339334,"comment_status":"","ping_status":"","sticky":false,"template":"","format":"standard","meta":{"footnotes":""},"categories":[1888],"tags":[1111,1928,11,1927,1777,674,118,1011,27,12,1926,626,1925,25],"class_list":{"0":"post-339333","1":"post","2":"type-post","3":"status-publish","4":"format-standard","5":"has-post-thumbnail","7":"category-paris","8":"tag-actu","9":"tag-actu-paris","10":"tag-actualites","11":"tag-actualites-paris","12":"tag-eu","13":"tag-europe","14":"tag-faits-divers","15":"tag-fr","16":"tag-france","17":"tag-news","18":"tag-news-paris","19":"tag-paris","20":"tag-paris-news","21":"tag-republique-francaise"},"share_on_mastodon":{"url":"https:\/\/pubeurope.com\/@fr\/115080277847543576","error":""},"_links":{"self":[{"href":"https:\/\/www.europesays.com\/fr\/wp-json\/wp\/v2\/posts\/339333","targetHints":{"allow":["GET"]}}],"collection":[{"href":"https:\/\/www.europesays.com\/fr\/wp-json\/wp\/v2\/posts"}],"about":[{"href":"https:\/\/www.europesays.com\/fr\/wp-json\/wp\/v2\/types\/post"}],"author":[{"embeddable":true,"href":"https:\/\/www.europesays.com\/fr\/wp-json\/wp\/v2\/users\/2"}],"replies":[{"embeddable":true,"href":"https:\/\/www.europesays.com\/fr\/wp-json\/wp\/v2\/comments?post=339333"}],"version-history":[{"count":0,"href":"https:\/\/www.europesays.com\/fr\/wp-json\/wp\/v2\/posts\/339333\/revisions"}],"wp:featuredmedia":[{"embeddable":true,"href":"https:\/\/www.europesays.com\/fr\/wp-json\/wp\/v2\/media\/339334"}],"wp:attachment":[{"href":"https:\/\/www.europesays.com\/fr\/wp-json\/wp\/v2\/media?parent=339333"}],"wp:term":[{"taxonomy":"category","embeddable":true,"href":"https:\/\/www.europesays.com\/fr\/wp-json\/wp\/v2\/categories?post=339333"},{"taxonomy":"post_tag","embeddable":true,"href":"https:\/\/www.europesays.com\/fr\/wp-json\/wp\/v2\/tags?post=339333"}],"curies":[{"name":"wp","href":"https:\/\/api.w.org\/{rel}","templated":true}]}}