{"id":339335,"date":"2025-08-23T21:47:19","date_gmt":"2025-08-23T21:47:19","guid":{"rendered":"https:\/\/www.europesays.com\/fr\/339335\/"},"modified":"2025-08-23T21:47:19","modified_gmt":"2025-08-23T21:47:19","slug":"le-dialogue-avec-les-commercants-cest-ce-que-je-prefere-dans-les-pas-des-placiers-du-marche-de-saint-denis","status":"publish","type":"post","link":"https:\/\/www.europesays.com\/fr\/339335\/","title":{"rendered":"\u00ab\u00a0Le dialogue avec les commer\u00e7ants, c\u2019est ce que je pr\u00e9f\u00e8re\u00a0\u00bb\u00a0: dans les pas des placiers du march\u00e9 de Saint-Denis"},"content":{"rendered":"<p class=\"paragraph text_align_left lp-f-body-02\">Le jour n\u2019est pas encore lev\u00e9 mais le \u00ab ventre \u00bb de <a href=\"https:\/\/www.leparisien.fr\/seine-saint-denis-93\/saint-denis-93200\/\" target=\"_self\" rel=\"nofollow noopener\">Saint-Denis (Seine-Saint-Denis)<\/a> gargouille d\u00e9j\u00e0. Comme chaque mardi, vendredi et dimanche, les premiers commer\u00e7ants sont arriv\u00e9s d\u00e8s 4h30 sous la grande halle pour entamer leur mise en place. L\u2019embl\u00e9matique <a href=\"https:\/\/www.leparisien.fr\/seine-saint-denis-93\/a-saint-denis-le-centre-ville-en-quete-de-diversite-commerciale-cest-bien-de-melanger-du-chic-et-du-moins-cher-20-03-2023-4WG4WXV6GVHK7O67E6CG5XCYEY.php\" target=\"_self\" rel=\"nofollow noopener\">march\u00e9 du centre-ville<\/a>, l\u2019un des plus grands et des plus anciens d\u2019\u00cele-de-France, s\u2019appr\u00eate \u00e0 battre son plein.<\/p>\n<p class=\"paragraph text_align_left lp-f-body-02\">Avec 300 commer\u00e7ants r\u00e9partis en trois zones et quelque 120 000 visiteurs par semaine selon la ville, le march\u00e9 de Saint-Denis est un incontournable. \u00ab Des gens viennent de Seine-et-Marne et de l\u2019Oise pour se fournir ici \u00bb, pr\u00e9cise Anne Andr\u00e9, responsable du p\u00f4le march\u00e9s \u00e0 la mairie. Et pour faire tourner une telle machine avec le moins d\u2019accrocs possibles, les quatre r\u00e9gisseurs municipaux ont fort \u00e0 faire.<\/p>\n","protected":false},"excerpt":{"rendered":"Le jour n\u2019est pas encore lev\u00e9 mais le \u00ab ventre \u00bb de Saint-Denis (Seine-Saint-Denis) gargouille d\u00e9j\u00e0. Comme chaque&hellip;\n","protected":false},"author":2,"featured_media":339336,"comment_status":"","ping_status":"","sticky":false,"template":"","format":"standard","meta":{"footnotes":""},"categories":[1888],"tags":[11,1777,674,1011,27,1944,12,626,25,1945],"class_list":{"0":"post-339335","1":"post","2":"type-post","3":"status-publish","4":"format-standard","5":"has-post-thumbnail","7":"category-paris","8":"tag-actualites","9":"tag-eu","10":"tag-europe","11":"tag-fr","12":"tag-france","13":"tag-ma-ville","14":"tag-news","15":"tag-paris","16":"tag-republique-francaise","17":"tag-seine-saint-denis"},"share_on_mastodon":{"url":"https:\/\/pubeurope.com\/@fr\/115080281806475479","error":""},"_links":{"self":[{"href":"https:\/\/www.europesays.com\/fr\/wp-json\/wp\/v2\/posts\/339335","targetHints":{"allow":["GET"]}}],"collection":[{"href":"https:\/\/www.europesays.com\/fr\/wp-json\/wp\/v2\/posts"}],"about":[{"href":"https:\/\/www.europesays.com\/fr\/wp-json\/wp\/v2\/types\/post"}],"author":[{"embeddable":true,"href":"https:\/\/www.europesays.com\/fr\/wp-json\/wp\/v2\/users\/2"}],"replies":[{"embeddable":true,"href":"https:\/\/www.europesays.com\/fr\/wp-json\/wp\/v2\/comments?post=339335"}],"version-history":[{"count":0,"href":"https:\/\/www.europesays.com\/fr\/wp-json\/wp\/v2\/posts\/339335\/revisions"}],"wp:featuredmedia":[{"embeddable":true,"href":"https:\/\/www.europesays.com\/fr\/wp-json\/wp\/v2\/media\/339336"}],"wp:attachment":[{"href":"https:\/\/www.europesays.com\/fr\/wp-json\/wp\/v2\/media?parent=339335"}],"wp:term":[{"taxonomy":"category","embeddable":true,"href":"https:\/\/www.europesays.com\/fr\/wp-json\/wp\/v2\/categories?post=339335"},{"taxonomy":"post_tag","embeddable":true,"href":"https:\/\/www.europesays.com\/fr\/wp-json\/wp\/v2\/tags?post=339335"}],"curies":[{"name":"wp","href":"https:\/\/api.w.org\/{rel}","templated":true}]}}