{"id":339343,"date":"2025-08-23T21:51:11","date_gmt":"2025-08-23T21:51:11","guid":{"rendered":"https:\/\/www.europesays.com\/fr\/339343\/"},"modified":"2025-08-23T21:51:11","modified_gmt":"2025-08-23T21:51:11","slug":"les-etats-unis-cherchent-a-expulser-kilmar-abrego-garcia-vers-louganda","status":"publish","type":"post","link":"https:\/\/www.europesays.com\/fr\/339343\/","title":{"rendered":"Les \u00c9tats-Unis cherchent \u00e0 expulser Kilmar Abrego Garcia vers l&rsquo;Ouganda"},"content":{"rendered":"<p>Les autorit\u00e9s am\u00e9ricaines de l&rsquo;immigration ont annonc\u00e9 leur intention d&rsquo;expulser Kilmar Abrego Garcia vers l&rsquo;Ouganda, apr\u00e8s qu&rsquo;il eut refus\u00e9 une offre d&rsquo;\u00eatre envoy\u00e9 au Costa Rica en \u00e9change de son maintien en prison et de son plaidoyer de culpabilit\u00e9 pour trafic d&rsquo;\u00eatres humains, ont d\u00e9clar\u00e9 ses avocats au tribunal samedi.<\/p>\n<p>L&rsquo;offre du Costa Rica est arriv\u00e9e jeudi soir et incluait une condition de maintien en prison, selon un m\u00e9moire d\u00e9pos\u00e9 au Tennessee, o\u00f9 l&rsquo;affaire p\u00e9nale a \u00e9t\u00e9 port\u00e9e. Apr\u00e8s la sortie de prison d&rsquo;Abrego Garcia vendredi, les services de l&rsquo;immigration et des douanes ont inform\u00e9 ses avocats qu&rsquo;il serait expuls\u00e9 vers l&rsquo;Ouganda et qu&rsquo;il devait se pr\u00e9senter aux autorit\u00e9s de l&rsquo;immigration lundi.<\/p>\n<p>Plus tard vendredi, \u00able gouvernement a inform\u00e9 M. Abrego qu&rsquo;il avait jusqu&rsquo;\u00e0 lundi matin \u00e0 la premi\u00e8re heure \u2014 heure pr\u00e9cise \u00e0 laquelle il doit se pr\u00e9senter au bureau local de l&rsquo;ICE \u00e0 Baltimore \u2014 pour accepter une offre en \u00e9change de son expulsion vers le Costa Rica, faute de quoi cette offre serait d\u00e9finitivement abandonn\u00e9e\u00bb, ont \u00e9crit ses avocats.<\/p>\n<p>Ils ont refus\u00e9 de dire s&rsquo;il envisageait toujours cette offre. Le dossier comportait une lettre du gouvernement costaricien stipulant qu&rsquo;Abrego Garcia serait accueilli dans ce pays en tant qu&rsquo;immigrant l\u00e9gal et ne risquerait pas d&rsquo;\u00eatre plac\u00e9 en d\u00e9tention. L&rsquo;avantage suppl\u00e9mentaire de cette offre r\u00e9side dans le fait que le Costa Rica est un pays hispanophone, tout comme le Salvador, pays natal d&rsquo;Abrego Garcia. Selon le dossier, Abrego Garcia ne serait expuls\u00e9 vers le Costa Rica qu&rsquo;apr\u00e8s avoir purg\u00e9 sa peine pour trafic d&rsquo;\u00eatres humains.<\/p>\n<p>L&rsquo;affaire d&rsquo;Abrego Garcia est devenue un point sensible dans le programme d&rsquo;immigration du pr\u00e9sident Donald Trump apr\u00e8s son expulsion par erreur vers le Salvador en mars, malgr\u00e9 la d\u00e9cision ant\u00e9rieure d&rsquo;un juge selon laquelle il craignait avec raison d&rsquo;\u00eatre victime des violences dans ce pays. Devant une d\u00e9cision de justice, l&rsquo;administration Trump l&rsquo;a rapatri\u00e9 aux \u00c9tats-Unis en juin, avant de le placer en d\u00e9tention pour trafic d&rsquo;\u00eatres humains.<\/p>\n<p>Il a plaid\u00e9 non coupable et a demand\u00e9 au juge de classer l&rsquo;affaire, affirmant qu&rsquo;il s&rsquo;agissait d&rsquo;une tentative de le punir pour avoir contest\u00e9 son expulsion vers le Salvador. Le d\u00e9p\u00f4t de plainte de samedi s&rsquo;ajoute \u00e0 cette requ\u00eate en irrecevabilit\u00e9, affirmant que la menace d&rsquo;expulsion vers l&rsquo;Ouganda constitue une preuve suppl\u00e9mentaire de la vindicte de l&rsquo;accusation.<\/p>\n<p>\u00abBien qu&rsquo;ayant demand\u00e9 et re\u00e7u l&rsquo;assurance du gouvernement costaricien que M. Abrego y serait accept\u00e9, quelques minutes apr\u00e8s sa sortie de d\u00e9tention provisoire, un repr\u00e9sentant de l&rsquo;ICE a inform\u00e9 l&rsquo;avocat de M. Abrego de l&rsquo;intention du gouvernement de l&rsquo;expulser vers l&rsquo;Ouganda et lui a ordonn\u00e9 de se pr\u00e9senter au bureau local de l&rsquo;ICE \u00e0 Baltimore lundi matin\u00bb, indique le m\u00e9moire, faisant r\u00e9f\u00e9rence aux services de l&rsquo;Immigration et des Douanes.<\/p>\n<p>Les accusations de contrebande d\u00e9coulent d&rsquo;un contr\u00f4le routier effectu\u00e9 en 2022 dans le Tennessee pour exc\u00e8s de vitesse. Il y avait neuf passagers dans la voiture, et les agents ont discut\u00e9 entre eux de leurs soup\u00e7ons de contrebande. Cependant, Abrego Garcia a \u00e9t\u00e9 autoris\u00e9 \u00e0 poursuivre sa route avec seulement un avertissement.<\/p>\n<p>Travis Loller, The Associated Press<\/p>\n","protected":false},"excerpt":{"rendered":"Les autorit\u00e9s am\u00e9ricaines de l&rsquo;immigration ont annonc\u00e9 leur intention d&rsquo;expulser Kilmar Abrego Garcia vers l&rsquo;Ouganda, apr\u00e8s qu&rsquo;il eut&hellip;\n","protected":false},"author":2,"featured_media":339344,"comment_status":"","ping_status":"","sticky":false,"template":"","format":"standard","meta":{"footnotes":""},"categories":[1589],"tags":[28870,11,897,73,1866,8002,12,1864,1865,1863,308],"class_list":{"0":"post-339343","1":"post","2":"type-post","3":"status-publish","4":"format-standard","5":"has-post-thumbnail","7":"category-etats-unis","8":"tag-abrego","9":"tag-actualites","10":"tag-costa-rica","11":"tag-etats-unis","12":"tag-etats-unis-damerique","13":"tag-garcia","14":"tag-news","15":"tag-united-states","16":"tag-united-states-of-america","17":"tag-us","18":"tag-usa"},"share_on_mastodon":{"url":"https:\/\/pubeurope.com\/@fr\/115080297395220460","error":""},"_links":{"self":[{"href":"https:\/\/www.europesays.com\/fr\/wp-json\/wp\/v2\/posts\/339343","targetHints":{"allow":["GET"]}}],"collection":[{"href":"https:\/\/www.europesays.com\/fr\/wp-json\/wp\/v2\/posts"}],"about":[{"href":"https:\/\/www.europesays.com\/fr\/wp-json\/wp\/v2\/types\/post"}],"author":[{"embeddable":true,"href":"https:\/\/www.europesays.com\/fr\/wp-json\/wp\/v2\/users\/2"}],"replies":[{"embeddable":true,"href":"https:\/\/www.europesays.com\/fr\/wp-json\/wp\/v2\/comments?post=339343"}],"version-history":[{"count":0,"href":"https:\/\/www.europesays.com\/fr\/wp-json\/wp\/v2\/posts\/339343\/revisions"}],"wp:featuredmedia":[{"embeddable":true,"href":"https:\/\/www.europesays.com\/fr\/wp-json\/wp\/v2\/media\/339344"}],"wp:attachment":[{"href":"https:\/\/www.europesays.com\/fr\/wp-json\/wp\/v2\/media?parent=339343"}],"wp:term":[{"taxonomy":"category","embeddable":true,"href":"https:\/\/www.europesays.com\/fr\/wp-json\/wp\/v2\/categories?post=339343"},{"taxonomy":"post_tag","embeddable":true,"href":"https:\/\/www.europesays.com\/fr\/wp-json\/wp\/v2\/tags?post=339343"}],"curies":[{"name":"wp","href":"https:\/\/api.w.org\/{rel}","templated":true}]}}