{"id":339361,"date":"2025-08-23T22:02:11","date_gmt":"2025-08-23T22:02:11","guid":{"rendered":"https:\/\/www.europesays.com\/fr\/339361\/"},"modified":"2025-08-23T22:02:11","modified_gmt":"2025-08-23T22:02:11","slug":"lus-open-le-nouveau-defi-de-la-saison-folle-de-lois-boisson-je-pense-que-je-suis-prete-lequipe","status":"publish","type":"post","link":"https:\/\/www.europesays.com\/fr\/339361\/","title":{"rendered":"L&#039;US Open, le nouveau d\u00e9fi de la saison folle de Lo\u00efs Boisson : \u00ab Je pense que je suis pr\u00eate \u00bb &#8211; L&#039;\u00c9quipe"},"content":{"rendered":"<ol>\n<li><a href=\"https:\/\/news.google.com\/rss\/articles\/CBMimAJBVV95cUxNcGdXNHZLajFMblRFY0hraVU0TVdWWXFzOWJYb0hJVjNBelliRnVaSG5GaENVQzNtQkZMY2xSbUhWX3JhUl9LRE5aU1dtQTFjVDJzUWZUWGNNRnZrMEVqeUhyWGtSN1lGMDYtVmVhbHY4a0F1eXdJM1ZxckRJVFhuSGF2V3RrdHdwNGxSNGV3Zlg4cnBzbnVkWlFyRTJMT1VfWC1UNlFqdEF4b1ZCZzg5azYzNzlBT09nT3N5UHZoQ0dwRDl6QlhyX3FMRWdGUHlSS2g1OFYzeVo3TUxWZ2Z5QmZITWlNam1nLUh1QXY1cl93MjIzeElFeW9DLVEtN2pQMHRpU29ZY1FuN0ZFQURURjdfbHZZQ3Ux?oc=5\" target=\"_blank\" rel=\"nofollow noopener\">L&rsquo;US Open, le nouveau d\u00e9fi de la saison folle de Lo\u00efs Boisson : \u00ab Je pense que je suis pr\u00eate \u00bb<\/a>&nbsp;&nbsp;L&rsquo;\u00c9quipe<\/li>\n<li><a href=\"https:\/\/news.google.com\/rss\/articles\/CBMivAFBVV95cUxNVG5QRm1aYlNFQ2hkbEdsVjdNSFdQSTFBTmpmaWRrLWpVeWRmelBneDdiLXlidmYyekk3bDhkTXhnV29BVXdhbTZiWlVNMC1pS0J3UENtYTBKRnhYZFh0M3FRellmekhpLS1SUUl6T3ZoRjJfTXFSNEFYaXQ5ajd6OVpHNGJydmZGOU90Rm1aNy10YjRuR1ZIV3JEOHBUSUYxMEhCNEREVWNETEh6ZGF3eWYxSjAwdDNLUlZYVQ?oc=5\" target=\"_blank\" rel=\"nofollow noopener\">Lo\u00efs Boisson se s\u00e9pare de son entra\u00eeneur : \u00ab On avait un peu du mal \u00e0 se comprendre \u00bb<\/a>&nbsp;&nbsp;L&rsquo;\u00c9quipe<\/li>\n<li><a href=\"https:\/\/news.google.com\/rss\/articles\/CBMitwFBVV95cUxNM1A0ai15ejdQSHRRWDNfQWxzWTdFY1d5RHRfQXNaa2kzdVJ1a0lyQjlQSTJtVE9mZWdZVWxhVUZxZ1o5NGpVT2lfQ25ON2l3XzBKQjg0UGpzeUVtV0U0VHNOWVh1LVNObnJLcnlfLU1yRlVvbEhtLWRSd3B4RmlZMkFkbXRXMXMwaXJWclFOQ3NUZWRROU9udlcyY0N1T0JkTnpDLVZ0MUVzRkxoOE5HWUxNWjRsNUHSAbYBQVVfeXFMUGM4N29ZMkxRMS1wX0RkbVZWdWZGcGY3VU5lbW1JTlV2T2NIYVVPYS0tMS1xWHRCZ3F2SkVOQU9xQ3lvbHFteFdVZlJ1T2hvY2FXVXgzVnQ0ZldaTGI5MzJnYTc0R1EyTXhBaHg4al82MzR1MnVqV2RtbXZlbWQtT3ZJaktXTzFaZnlGYW9BOFdQUHpGaTNwS0JnM3dLNkt1WEVUVXE0RlFOVmFKVllJOWFiMTdjdEE?oc=5\" target=\"_blank\" rel=\"nofollow noopener\">US Open (F) : Boisson remplace Reynet par Parmentier<\/a>&nbsp;&nbsp;Orange Actualit\u00e9s | Sports<\/li>\n<li><a href=\"https:\/\/news.google.com\/rss\/articles\/CBMi5wFBVV95cUxPSGZ5V1Nxc2FkZ1hvb1dmWXBXWWFUTXFQRlBJS1pCTmRxQ1RJb3cxR0JEWlRROUhxcVc4N0FwSTBJSkJEYzIyVDVpcHBTN2drODdrRFFGY0tmbF84U2UwWDZOYTJNTjAxNjhBZjZjTFNramhWVFpGUTZadV9HSnBjRGRxeXFBbUJicUEwMzY4dVR1VFpleldqS3M3TFdITURUMHUxLWF1dEVhelhOZWJXdWRIZGR6cFBaSktET3h3LU0tQ010eEJCVnljRnBMMmdGb1puT3hxZlNWWUxUZ1RkQklHcEpIQ2c?oc=5\" target=\"_blank\" rel=\"nofollow noopener\">Tennis : Lo\u00efs Boisson met un terme \u00e0 la collaboration avec son entra\u00eeneur Florian Reynet<\/a>&nbsp;&nbsp;France Info<\/li>\n<li><a href=\"https:\/\/news.google.com\/rss\/articles\/CBMitgJBVV95cUxQc2JtZDB6WjhmcUtibEtWYzlPMFVSV3BUZmRtRG55NU1HQUZPSTZXZVV5UGdJYzdRb2dZVmFLQ09TZjYyNVpPU1Fhb0thaHVyWVR1d3B1bWFtWTU4ZVRmbko0RGpwNWlTWUl1anE5dHFsWE9qUVpVNVQyYnFnUnNZTjVEWFNpWUpDSy1mQjdhdnZ4U09xYVBOeEQtRHE4RWhlYnl2S3BlNXhWOUdHNzFRb2M3RXVkVDN5NV9HdE9HUG5RSFFObXE3aUZsazlIUjFrZHRDc2VsbjhockxCWGNwelZyUXpiYXFxUllPdlZrNXk4SExkTzQ0dUM4ZzBOYU5vVmdyc3JrSXhWcU1PMmZuckpqRkxTamRadDlBalY5RWxQXzNDRlladC1FdlBPbWVtTk9Da1Nn?oc=5\" target=\"_blank\" rel=\"nofollow noopener\">Boisson se s\u00e9pare de son coach : \u00ab\u00a0On avait un peu de mal \u00e0 se comprendre\u00a0\u00bb<\/a>&nbsp;&nbsp;Eurosport<\/li>\n<\/ol>\n","protected":false},"excerpt":{"rendered":"L&rsquo;US Open, le nouveau d\u00e9fi de la saison folle de Lo\u00efs Boisson : \u00ab Je pense que je&hellip;\n","protected":false},"author":2,"featured_media":339362,"comment_status":"","ping_status":"","sticky":false,"template":"","format":"standard","meta":{"footnotes":""},"categories":[1415],"tags":[1011,27,60,1467],"class_list":{"0":"post-339361","1":"post","2":"type-post","3":"status-publish","4":"format-standard","5":"has-post-thumbnail","7":"category-tennis","8":"tag-fr","9":"tag-france","10":"tag-sports","11":"tag-tennis"},"share_on_mastodon":{"url":"https:\/\/pubeurope.com\/@fr\/115080340586570698","error":""},"_links":{"self":[{"href":"https:\/\/www.europesays.com\/fr\/wp-json\/wp\/v2\/posts\/339361","targetHints":{"allow":["GET"]}}],"collection":[{"href":"https:\/\/www.europesays.com\/fr\/wp-json\/wp\/v2\/posts"}],"about":[{"href":"https:\/\/www.europesays.com\/fr\/wp-json\/wp\/v2\/types\/post"}],"author":[{"embeddable":true,"href":"https:\/\/www.europesays.com\/fr\/wp-json\/wp\/v2\/users\/2"}],"replies":[{"embeddable":true,"href":"https:\/\/www.europesays.com\/fr\/wp-json\/wp\/v2\/comments?post=339361"}],"version-history":[{"count":0,"href":"https:\/\/www.europesays.com\/fr\/wp-json\/wp\/v2\/posts\/339361\/revisions"}],"wp:featuredmedia":[{"embeddable":true,"href":"https:\/\/www.europesays.com\/fr\/wp-json\/wp\/v2\/media\/339362"}],"wp:attachment":[{"href":"https:\/\/www.europesays.com\/fr\/wp-json\/wp\/v2\/media?parent=339361"}],"wp:term":[{"taxonomy":"category","embeddable":true,"href":"https:\/\/www.europesays.com\/fr\/wp-json\/wp\/v2\/categories?post=339361"},{"taxonomy":"post_tag","embeddable":true,"href":"https:\/\/www.europesays.com\/fr\/wp-json\/wp\/v2\/tags?post=339361"}],"curies":[{"name":"wp","href":"https:\/\/api.w.org\/{rel}","templated":true}]}}