{"id":339365,"date":"2025-08-23T22:05:10","date_gmt":"2025-08-23T22:05:10","guid":{"rendered":"https:\/\/www.europesays.com\/fr\/339365\/"},"modified":"2025-08-23T22:05:10","modified_gmt":"2025-08-23T22:05:10","slug":"tolisso-et-fofana-sur-un-nuage-le-promu-ny-arrive-pas-les-tops-et-flops","status":"publish","type":"post","link":"https:\/\/www.europesays.com\/fr\/339365\/","title":{"rendered":"Tolisso et Fofana sur un nuage, le promu n\u2019y arrive pas&#8230; Les tops et flops"},"content":{"rendered":"<p>Pour sa premi\u00e8re \u00e0 domicile, Lyon a dispos\u00e9 de Metz sans trembler dans le cadre de la deuxi\u00e8me journ\u00e9e de Ligue 1 (3-0). D\u00e9couvrez ce qui a plu et d\u00e9plu \u00e0 la r\u00e9daction.<\/p>\n<p class=\"fig-paragraph\"><strong>TOPS<\/strong><\/p>\n<p>Intenable, Fofana montre la voie<\/p>\n<p class=\"fig-paragraph\">Large vainqueur de Metz \u00e0 domicile (3-0), Lyon a pu compter sur ses cadres. Parmi eux, Fofana a encore \u00e9t\u00e9 auteur d\u2019une performance digne d\u2019un tr\u00e8s grand joueur. Comme \u00e0 son habitude, le Belge a fait un nombre incalculable de diff\u00e9rences (8e, 17e, 21e), permettant \u00e0 son \u00e9quipe d\u2019inscrire le premier but de la rencontre (25e). Bien servi par Pavel S\u00f9lk, il fusille le gardien adverse et se montre encore d\u00e9cisif. Par la suite, Fofana a montr\u00e9 qu\u2019il est capable de rester imperturbable tout au long de la rencontre. S\u2019il a \u00e9t\u00e9 moins visible en seconde p\u00e9riode, il a permis \u00e0 Lyon de garder son s\u00e9rieux jusqu\u2019au bout. Il est l\u2019un des grands artisans de la d\u00e9monstration de l\u2019OL.<\/p>\n<p>                                    <a class=\"fig-a11y-skip a11y-hidden\" href=\"#fig-a11y-skip-main-inarticle\"><br \/>\n        Passer la publicit\u00e9<br \/>\n    <\/a><\/p>\n<p>Capitaine Tolisso en patron<\/p>\n<p class=\"fig-paragraph\">S\u2019il a pris le brassard de capitaine pour montrer l\u2019exemple \u00e0 son \u00e9quipe, Tolisso a tenu son rang. Capable de g\u00e9rer les temps forts et les temps faibles de son \u00e9quipe, le champion du monde 2018 a une nouvelle fois prouv\u00e9 qu\u2019il est un leader. Plaque tournante de l\u2019OL durant la rencontre, il a m\u00eame inscrit le but du break (30e). \u00c0 la conclusion d\u2019un mouvement offensif bien huil\u00e9, il profite d\u2019une offrande de Maitland-Niles pour pousser tranquillement le ballon au fond des filets. \u00c0 son avantage, il laisse sa place au jeune Khalis Merah en fin de rencontre (73e).<\/p>\n<p>Adaptation express pour les recrues<\/p>\n<p class=\"fig-paragraph\">Tyler Morton avait d\u00e9j\u00e0 montr\u00e9 de belles choses contre Lens lors de la premi\u00e8re journ\u00e9e, et il n\u2019a fait que confirmer. Auteur d\u2019une passe exceptionnelle sur le but de Fofana (25e), le jeune joueur a permis \u00e0 l\u2019OL de trouver les bons espaces. Capable de prendre les bonnes d\u00e9cisions, il a amen\u00e9 son \u00e9quipe vers une victoire \u00e9clatante. De son c\u00f4t\u00e9, Pavel S\u00f9lk a \u00e9t\u00e9 auteur de la premi\u00e8re passe d\u00e9cisive sur le but de Fofana. Inspir\u00e9, il a parfaitement combl\u00e9 les trous de son \u00e9quipe composant le milieu parfait avec Tolisso et Morton.<\/p>\n<p class=\"fig-paragraph\"><strong>FLOPS<\/strong><\/p>\n<p>Un promu dans le dur<\/p>\n<p class=\"fig-paragraph\">Metz devait tenter de se relever apr\u00e8s sa d\u00e9faite lors de la premi\u00e8re journ\u00e9e contre Strasbourg, malheureusement, le promu a coul\u00e9 \u00e0 Lyon. Domin\u00e9 de la t\u00eate et des \u00e9paules pendant toute la rencontre, Metz n\u2019a pas r\u00e9ussi \u00e0 \u00eatre dangereux. Si le capitaine Hein a parfois connu des coups d\u2019\u00e9clat (34e, 52e), il n\u2019a pas permis \u00e0 son \u00e9quipe de mettre l\u2019OL en difficult\u00e9. D\u00e9pass\u00e9, cette \u00e9quipe vite devoir trouver autre chose pour ne pas sombrer.<\/p>\n<p>Un dispositif \u00e0 revoir<\/p>\n<p class=\"fig-paragraph\">Entra\u00eeneur du FC Metz, St\u00e9phane Le Mignan avait pris la d\u00e9cision d\u2019aligner un 4-2-3-1 qui semblait prometteur. Cependant, alors que son \u00e9quipe a tr\u00e8s vite encaiss\u00e9 le premier but (25e), le coach n\u2019a jamais tent\u00e9 de changer les choses. Lyon a certes r\u00e9ussi une performance exemplaire, mais le staff de Metz n\u2019a vraiment pas fait les bons choix. Battu dans tous les secteurs du jeu, l\u2019entra\u00eeneur a aussi perdu son duel face \u00e0 l\u2019entra\u00eeneur de l\u2019OL. En effet, Fonseca, lui, a \u00e9t\u00e9 en mesure d\u2019insuffler \u00e0 son \u00e9quipe le second souffle qui lui a permis de garder le bon cap.<\/p>\n","protected":false},"excerpt":{"rendered":"Pour sa premi\u00e8re \u00e0 domicile, Lyon a dispos\u00e9 de Metz sans trembler dans le cadre de la deuxi\u00e8me&hellip;\n","protected":false},"author":2,"featured_media":339366,"comment_status":"","ping_status":"","sticky":false,"template":"","format":"standard","meta":{"footnotes":""},"categories":[1412],"tags":[1451,8113,1452,1453,1454,1455,1011,27,978,60],"class_list":{"0":"post-339365","1":"post","2":"type-post","3":"status-publish","4":"format-standard","5":"has-post-thumbnail","7":"category-f1","8":"tag-f1","9":"tag-fc-metz","10":"tag-formula-1","11":"tag-formula1","12":"tag-formule-1","13":"tag-formule1","14":"tag-fr","15":"tag-france","16":"tag-olympique-lyonnais","17":"tag-sports"},"share_on_mastodon":{"url":"https:\/\/pubeurope.com\/@fr\/115080352446643466","error":""},"_links":{"self":[{"href":"https:\/\/www.europesays.com\/fr\/wp-json\/wp\/v2\/posts\/339365","targetHints":{"allow":["GET"]}}],"collection":[{"href":"https:\/\/www.europesays.com\/fr\/wp-json\/wp\/v2\/posts"}],"about":[{"href":"https:\/\/www.europesays.com\/fr\/wp-json\/wp\/v2\/types\/post"}],"author":[{"embeddable":true,"href":"https:\/\/www.europesays.com\/fr\/wp-json\/wp\/v2\/users\/2"}],"replies":[{"embeddable":true,"href":"https:\/\/www.europesays.com\/fr\/wp-json\/wp\/v2\/comments?post=339365"}],"version-history":[{"count":0,"href":"https:\/\/www.europesays.com\/fr\/wp-json\/wp\/v2\/posts\/339365\/revisions"}],"wp:featuredmedia":[{"embeddable":true,"href":"https:\/\/www.europesays.com\/fr\/wp-json\/wp\/v2\/media\/339366"}],"wp:attachment":[{"href":"https:\/\/www.europesays.com\/fr\/wp-json\/wp\/v2\/media?parent=339365"}],"wp:term":[{"taxonomy":"category","embeddable":true,"href":"https:\/\/www.europesays.com\/fr\/wp-json\/wp\/v2\/categories?post=339365"},{"taxonomy":"post_tag","embeddable":true,"href":"https:\/\/www.europesays.com\/fr\/wp-json\/wp\/v2\/tags?post=339365"}],"curies":[{"name":"wp","href":"https:\/\/api.w.org\/{rel}","templated":true}]}}