{"id":339371,"date":"2025-08-23T22:08:11","date_gmt":"2025-08-23T22:08:11","guid":{"rendered":"https:\/\/www.europesays.com\/fr\/339371\/"},"modified":"2025-08-23T22:08:11","modified_gmt":"2025-08-23T22:08:11","slug":"stephane-plaza-reve-dune-medaille-ce-projet-ambitieux-et-completement-fou-dans-lequel-il-se-lance-pour-la-rentree","status":"publish","type":"post","link":"https:\/\/www.europesays.com\/fr\/339371\/","title":{"rendered":"St\u00e9phane Plaza \u00ab\u00a0r\u00eave d\u2019une m\u00e9daille\u00a0\u00bb : ce projet ambitieux, et compl\u00e8tement fou, dans lequel il se lance pour la rentr\u00e9e"},"content":{"rendered":"<p>Ancien animateur phare de M6, <a href=\"https:\/\/www.closermag.fr\/people\/stephane-plaza-a-pris-le-taureau-par-les-cornes-une-amie-de-la-tele-devoile-son-etat-desprit-3567200\" target=\"_blank\" rel=\"noopener\"><br \/>\nSt\u00e9phane Plaza \u00e9tait le nouveau visage de l\u2019immobilier.<\/a> Entre<br \/>\n\u201cChasseur d\u2019appart\u201d, ou encore \u201cRecherche appartement ou maison\u201d,<br \/>\nil donnait presque quotidiennement rendez-vous aux t\u00e9l\u00e9spectateurs<br \/>\net se d\u00e9marquait par sa personnalit\u00e9. En parall\u00e8le, il a mont\u00e9 un<br \/>\nr\u00e9seau d&rsquo;agences immobili\u00e8res \u00e0 son nom, o\u00f9 le groupe M6 est en<br \/>\ngrande partie actionnaire.<\/p>\n<p>Mais en f\u00e9vrier<a href=\"https:\/\/www.closermag.fr\/people\/stephane-plaza-condamne-un-nouveau-jugement-attendu-et-pas-des-moindres-3537573\" target=\"_blank\" rel=\"noopener\">,<br \/>\nil a \u00e9t\u00e9 rattrap\u00e9 par des affaires judiciaires<\/a> li\u00e9es \u00e0 des<br \/>\naccusations de violences conjugales, ce qui a conduit <a href=\"https:\/\/www.closermag.fr\/people\/stephane-plaza-condamne-cette-nouvelle-sanction-qui-ternit-un-peu-plus-son-avenir-3522939\" target=\"_blank\" rel=\"noopener\"><br \/>\nM6 \u00e0 d\u00e9programmer ses \u00e9missions.<\/a> Visiblement, pendant son<br \/>\nretrait m\u00e9diatique, <a href=\"https:\/\/www.closermag.fr\/people\/stephane-plaza-accuse-de-violences-conjugales-sophie-ferjani-sort-du-silence-3339245\" target=\"_blank\" rel=\"noopener\"><br \/>\nl\u2019ancien acolyte de Sophie Ferjani<\/a> s\u2019est d\u00e9couvert une nouvelle<br \/>\npassion et s\u2019est lanc\u00e9 un nouveau d\u00e9fi totalement fou pour la<br \/>\nrentr\u00e9e, et cette fois-ci, il n\u2019est pas question de vente ou de<br \/>\nrecherche de maison.<\/p>\n<p>St\u00e9phane Plaza se lance dans le cyclisme artistique.<\/p>\n<p>Vendredi 22 ao\u00fbt, <a href=\"https:\/\/www.closermag.fr\/people\/stephane-plaza-condamne-pour-eteindre-lincendie-financier-il-emploie-les-tres-grands-moyens-3560247\" target=\"_blank\" rel=\"noopener\"><br \/>\nSt\u00e9phane Plaza a surpris tout le monde<\/a>. Sur Instagram, r\u00e9seau<br \/>\nsocial sur lequel il est suivi par plus de 729 000 personnes,<br \/>\n<a href=\"https:\/\/www.closermag.fr\/people\/une-vraie-fierte-stephane-plaza-remonte-doucement-la-pente-et-fait-une-nouvelle-annonce-3548344\" target=\"_blank\" rel=\"noopener\"><br \/>\nil a d\u00e9voil\u00e9 son nouveau projet<\/a>, en publiant une vid\u00e9o pour le<br \/>\nmoins inattendue. On le voit <strong>faire du v\u00e9lo<br \/>\nartistique<\/strong> aux c\u00f4t\u00e9s de l&rsquo;entra\u00eeneur de cyclisme<br \/>\nartistique Valentine Rieb : \u201cCette ann\u00e9e rime avec d\u00e9fis et<br \/>\nd\u00e9passement de soi. Un esprit sain dans un corps sain ouvre la voie<br \/>\n\u00e0 tous les possibles\u2026\u201d, commence l&rsquo;animateur. C\u2019est donc un<br \/>\nd\u00e9fi sportif que s\u2019est lanc\u00e9 l\u2019ancien animateur de M6.<\/p>\n<p>Alors que son emploi du temps semble toujours tr\u00e8s rempli, la<br \/>\npratique de cette discipline occupe toujours une place de choix :<br \/>\n\u201cEntre la tourn\u00e9e des agences, je garde toujours une place pour<br \/>\nmes entra\u00eenements\u201d, poursuit l\u2019homme d&rsquo;affaires. Et il a de<br \/>\ngrands projets pour les mois \u00e0 venir : \u201cAvec Valentine,<br \/>\n<strong>direction le Championnat de France<\/strong> @riebvalentine.<br \/>\n<strong>On r\u00eave d\u2019une m\u00e9daille\u2026 et on va tout donner pour l\u2019avoir<br \/>\n!<\/strong>\u201d.<\/p>\n<blockquote class=\"instagram-media\" style=\"background: #ffffff;border: 0;margin: 1px;width: 100%;padding: 0;max-width: 500px;\" data-instgrm-permalink=\"https:\/\/www.instagram.com\/p\/DNnnXZ3o3Jr\/?hl=fr\" data-instgrm-version=\"14\"\/><p>\nLes nouveaux projets de St\u00e9phane<br \/>\nPlaza<\/p>\n<p>Cette annonce intervient quelques jours apr\u00e8s une autre, tr\u00e8s<br \/>\nmyst\u00e9rieuse, dans laquelle il a teas\u00e9 <strong>ses projets pour la<br \/>\nrentr\u00e9e<\/strong> : \u201cC\u2019est le repos du guerrier avant une<br \/>\nrentr\u00e9e intense et pleine de d\u00e9fis. Pas de comp\u00e9tition de p\u00e9tanque<br \/>\ncette fois\u2026 mais une autre m\u2019attend. Et celle-l\u00e0 s\u2019annonce bien<br \/>\nplus \u00e9pique\u2026 Attendez-vous surtout \u00e0 quelques cascades<br \/>\ninvolontaires\u00a0\u00bb. Faisait-il r\u00e9f\u00e9rence \u00e0 cette<br \/>\n<strong>comp\u00e9tition de v\u00e9lo artistique<\/strong> ?<\/p>\n<p>M\u00eame s\u2019il semble beaucoup se consacrer \u00e0 la pratique de ce<br \/>\nsport, il n\u2019en oublie pas l\u2019immobilier et continue d\u2019officier dans<br \/>\nce domaine. Il y a un mois, <strong>le r\u00e9seau St\u00e9phane Plaza<br \/>\nImmobilier<\/strong> a d\u2019ailleurs \u00e9t\u00e9 \u00e9lu <strong>agence immobili\u00e8re<br \/>\nde l\u2019ann\u00e9e<\/strong> pour la 6\u1d49 fois cons\u00e9cutive.<\/p>\n<p><script async src=\"\/\/www.instagram.com\/embed.js\"><\/script><\/p>\n","protected":false},"excerpt":{"rendered":"Ancien animateur phare de M6, St\u00e9phane Plaza \u00e9tait le nouveau visage de l\u2019immobilier. Entre \u201cChasseur d\u2019appart\u201d, ou encore&hellip;\n","protected":false},"author":2,"featured_media":339372,"comment_status":"","ping_status":"","sticky":false,"template":"","format":"standard","meta":{"footnotes":""},"categories":[1359],"tags":[548,58,59,1011,27,973,7221],"class_list":{"0":"post-339371","1":"post","2":"type-post","3":"status-publish","4":"format-standard","5":"has-post-thumbnail","7":"category-people","8":"tag-article-simple","9":"tag-divertissement","10":"tag-entertainment","11":"tag-fr","12":"tag-france","13":"tag-people","14":"tag-stephane-plaza"},"share_on_mastodon":{"url":"https:\/\/pubeurope.com\/@fr\/115080364491852911","error":""},"_links":{"self":[{"href":"https:\/\/www.europesays.com\/fr\/wp-json\/wp\/v2\/posts\/339371","targetHints":{"allow":["GET"]}}],"collection":[{"href":"https:\/\/www.europesays.com\/fr\/wp-json\/wp\/v2\/posts"}],"about":[{"href":"https:\/\/www.europesays.com\/fr\/wp-json\/wp\/v2\/types\/post"}],"author":[{"embeddable":true,"href":"https:\/\/www.europesays.com\/fr\/wp-json\/wp\/v2\/users\/2"}],"replies":[{"embeddable":true,"href":"https:\/\/www.europesays.com\/fr\/wp-json\/wp\/v2\/comments?post=339371"}],"version-history":[{"count":0,"href":"https:\/\/www.europesays.com\/fr\/wp-json\/wp\/v2\/posts\/339371\/revisions"}],"wp:featuredmedia":[{"embeddable":true,"href":"https:\/\/www.europesays.com\/fr\/wp-json\/wp\/v2\/media\/339372"}],"wp:attachment":[{"href":"https:\/\/www.europesays.com\/fr\/wp-json\/wp\/v2\/media?parent=339371"}],"wp:term":[{"taxonomy":"category","embeddable":true,"href":"https:\/\/www.europesays.com\/fr\/wp-json\/wp\/v2\/categories?post=339371"},{"taxonomy":"post_tag","embeddable":true,"href":"https:\/\/www.europesays.com\/fr\/wp-json\/wp\/v2\/tags?post=339371"}],"curies":[{"name":"wp","href":"https:\/\/api.w.org\/{rel}","templated":true}]}}