{"id":339373,"date":"2025-08-23T22:09:13","date_gmt":"2025-08-23T22:09:13","guid":{"rendered":"https:\/\/www.europesays.com\/fr\/339373\/"},"modified":"2025-08-23T22:09:13","modified_gmt":"2025-08-23T22:09:13","slug":"pourquoi-des-graffeurs-du-monde-entier-performent-a-paimpol-ce-week-end","status":"publish","type":"post","link":"https:\/\/www.europesays.com\/fr\/339373\/","title":{"rendered":"Pourquoi des graffeurs du monde entier performent \u00e0 Paimpol ce week-end"},"content":{"rendered":"<p class=\"article__intro\">Ils sont pr\u00e8s de 60&#8230; sur 1.700 \u00e0 avoir candidat\u00e9 ! Des graffeurs venus du monde entier s&rsquo;attaquent aux murs de Paimpol depuis ce vendredi 22 ao\u00fbt 2025 dans les C\u00f4tes-d&rsquo;Armor. Rien d&rsquo;interdit : tous participent au 3\u00e8me \u00ab\u00a0Meeting of Styles France\u00a0\u00bb, un rendez-vous international de street-art qui accroche le regard des passants. Ambiance&#8230;<\/p>\n<p>\n      L\u2019actu des r\u00e9gions\n    <\/p>\n<p>\n      Chaque jour, un tour d\u2019horizon des principales infos de toutes les r\u00e9gions.\n    <\/p>\n<p>    France T\u00e9l\u00e9visions utilise votre adresse e-mail afin de vous envoyer la newsletter \u00ab\u00a0L\u2019actu des r\u00e9gions\u00a0\u00bb. Vous pouvez vous d\u00e9sinscrire \u00e0 tout moment via le lien en bas de cette newsletter. <a target=\"_blank\" href=\"https:\/\/www.francetelevisions.fr\/groupe\/confidentialite\/politique-de-confidentialite\/politique-de-confidentialite-de-france-televisions-6503\" rel=\"nofollow noopener\">Notre politique de confidentialit\u00e9<\/a><\/p>\n<p>\u00ab\u00a0Waouhhh, celui-l\u00e0 je l&rsquo;aime beaucoup !\u00a0\u00bb \u00ab\u00a0Ah ouais ? Moi, je pr\u00e9f\u00e8re l&rsquo;autre, \u00e0 l&rsquo;angle&#8230;\u00a0\u00bb Nombreuses sont les remarques au pied des murs de Paimpol o\u00f9 fleurissent de nouvelles fresques, en ce week-end ensoleill\u00e9. \u00ab\u00a0\u00c7a met de la vie, c&rsquo;est gai&#8230;\u00a0\u00bb commente une grand-m\u00e8re alors que son petit-fils interroge : \u00ab\u00a0Mais comment ils ont fait pour dessiner aussi haut ?\u00a0\u00bb<\/p>\n<p>Qu&rsquo;ils soient de passage, en vacances ou r\u00e9sidents \u00e0 l&rsquo;ann\u00e9e, beaucoup de passants sont interpell\u00e9s par le travail des street-artistes qui prend forme sous leurs yeux, depuis vendredi et le d\u00e9but du \u00ab\u00a0<a href=\"https:\/\/www.ville-paimpol.fr\/agenda\/meeting-of-styles-3eme-edition\/\" target=\"_blank\" rel=\"noopener nofollow\">Meeting of Styles France<\/a>\u00a0\u00bb dans les rues paimpolaises. \u00ab\u00a0On voit les dessins se pr\u00e9ciser&#8230; C&rsquo;est g\u00e9nial de les voir travailler !\u00a0\u00bb r\u00e9agissent Mich\u00e8le et Jean-Pierre, enjou\u00e9s.<\/p>\n<p>    dur\u00e9e de la vid\u00e9o : 00h02mn36s<\/p>\n<p>        <img decoding=\"async\" width=\"640\" height=\"426\" class=\"article-image not-lazy\" src=\"https:\/\/www.europesays.com\/fr\/wp-content\/uploads\/2025\/08\/3139e580-8486-431d-8cb9-45ddf7849a76.jpg\" alt=\"\" fetchpriority=\"high\"\/><\/p>\n<p>              Voir la video\u00a0(2 minutes 36 secondes).\u00a0<br \/>\n                  2 min 36 s<\/p>\n<p>\n          Ils sont pr\u00e8s de 60, venus de 17 pays diff\u00e9rents : les graffeurs qui s&rsquo;activent depuis vendredi 22 ao\u00fbt (et jusqu&rsquo;\u00e0 dimanche) dans diff\u00e9rents quartiers de Paimpol (C\u00f4tes-d&rsquo;Armor) ont \u00e9t\u00e9 s\u00e9lectionn\u00e9s parmi pr\u00e8s de 1.700 postulants. Reportage Val\u00e9rie Chopin et Jean-Michel Piron. Montage : Guillaume Lancien.<\/p>\n<p>        \u2022<\/p>\n<p>              \u00a9FTR\n      <\/p>\n<p>Pour la 3\u00e8me ann\u00e9e, des graffeurs venus du monde entier, ont \u00e9t\u00e9 invit\u00e9s \u00e0 exprimer la vari\u00e9t\u00e9 de leurs talents sur plusieurs murs s\u00e9lectionn\u00e9s \u00e0 l&rsquo;avance. \u00ab\u00a0Ils sont une soixantaine, mais pr\u00e8s de 1.700 ont postul\u00e9\u00a0\u00bb explique Nicolas Poujol, l&rsquo;organisateur de cet \u00e9v\u00e9nement qu&rsquo;il n&rsquo;h\u00e9site pas \u00e0 qualifier de \u00ab\u00a0Jeux Olympiques du graffiti\u00a0\u00bb.<\/p>\n<p>Br\u00e9sil, Malaisie, Mongolie, Finlande, Gr\u00e8ce, Mexique ou encore Etats-Unis&#8230; Ces graffeurs de toutes origines, ne sont pas des amateurs, c&rsquo;est \u00ab\u00a0le haut du panier mondial qui a \u00e9t\u00e9 s\u00e9lectionn\u00e9\u00a0\u00bb, poursuit le membre de TDF Crew qui organise l&rsquo;\u00e9tape fran\u00e7aise de ce \u00ab\u00a0Meeting of Styles\u00a0\u00bb, rassemblement international de street-art.<\/p>\n<p><a data-article-figure=\"\" href=\"https:\/\/france3-regions.franceinfo.fr\/image\/cXenB7aZsiEy7KjVoq66W3T_24E\/1600x1200\/regions\/2025\/08\/23\/marios-le-grec-68a9df6a0947d720329290.jpg\" data-pswp-width=\"1600\" data-pswp-height=\"1200\" target=\"_blank\" rel=\"nofollow noopener\"><\/p>\n<p>          <img width=\"600\" height=\"400\" class=\"article-image lazy\" data-src=\"https:\/\/www.europesays.com\/fr\/wp-content\/uploads\/2025\/08\/marios-le-grec-68a9df6a0947d720329290.jpg\" alt=\"Marios, dit &quot;Spant&quot; a tout un pignon \u00e0 recouvrir d'une fresque cr\u00e9\u00e9e avec &quot;Noris&quot; et &quot;Cox&quot;, des graffeurs grec et fran\u00e7ais.\" fetchpriority=\"high\" as=\"image\"\/><\/p>\n<p>\n            Marios, dit \u00ab\u00a0Spant\u00a0\u00bb a tout un pignon \u00e0 recouvrir d&rsquo;une fresque cr\u00e9\u00e9e avec \u00ab\u00a0Noris\u00a0\u00bb et \u00ab\u00a0Cox\u00a0\u00bb, des graffeurs grec et fran\u00e7ais.<br \/>\n                           \u2022<br \/>\n                                      \u00a9 V. Chopin \/ France 3 Bretagne\n                      <\/p>\n<p><\/a><\/p>\n<p>\u00ab\u00a0C&rsquo;est un rendez-vous super int\u00e9ressant pour nous\u00a0\u00bb explique Marios, qui lui arrive de Gr\u00e8ce. \u00ab\u00a0Spant\u00a0\u00bb de son nom d&rsquo;artiste, n&rsquo;\u00e9tait encore jamais venu en France. Il appr\u00e9cie le cadre, la douceur du climat ainsi que le d\u00e9fi qu&rsquo;on lui a lanc\u00e9 : faire une fresque \u00e0 trois mains, avec \u00ab\u00a0Noris\u00a0\u00bb un autre artiste grec et \u00ab\u00a0Cox\u00a0\u00bb, un Rennais. \u00ab\u00a0C&rsquo;est un vrai challenge pour nous qui travaillons habituellement seul, chacun dans nos coins. L\u00e0 il faut cr\u00e9er ensemble, c&rsquo;est g\u00e9nial.\u00a0\u00bb<\/p>\n<p>\u00ab\u00a0On a \u00e9chang\u00e9 des messages il y a deux jours, mais je ne les connais en r\u00e9el que depuis vendredi matin\u00a0\u00bb, explique Cox qui est s\u00fbrement l&rsquo;un des artistes \u00e0 avoir fait le moins de kilom\u00e8tres. Originaire en effet de la r\u00e9gion rennaise, Corentin, de son pr\u00e9nom poursuit : \u00ab\u00a0On a chacun des styles bien diff\u00e9rents : portraits, lettrage&#8230; On s&rsquo;est mis d&rsquo;accord tous les trois pour mettre de la dynamique et du mouvement.\u00a0\u00bb\u00a0<\/p>\n<p>Hormis les artistes, nul ne sait, c\u00f4t\u00e9 organisateurs, ce que va donner le r\u00e9sultat : \u00ab\u00a0Libre cours \u00e0 leur cr\u00e9ation !\u00a0\u00bb se r\u00e9jouit Nicolas Poujol. \u00ab\u00a0On apporte juste quelques contraintes de couleurs (NDLR : Paimpol est en AVAP, comprenez : aire de mise en valeur de l&rsquo;architecture et du patrimoine) on contextualise la ville et on d\u00e9finit les espaces, apr\u00e8s chacun fait ce qu&rsquo;il veut ! On demande juste aux artistes : pas de pol\u00e9mique, pas de message choc.\u00a0\u00bb<\/p>\n<p>Au total, ce sont plus de 1.500 m\u00e8tres carr\u00e9s de murs qui sont ainsi revus et color\u00e9s durant le week-end. Tant\u00f4t sur des espaces neutres, tant\u00f4t \u00e0 la place d&rsquo;anciens graffitis : \u00ab\u00a0Le principe de d\u00e9part c&rsquo;\u00e9tait que les \u0153uvres soient recouvertes tous les deux ans, parce qu&rsquo;on ne peut pas et on ne veut pas que qu&rsquo;il y en ait sur tous les murs ! L&rsquo;id\u00e9e c&rsquo;\u00e9tait aussi d&rsquo;inviter les gens \u00e0 (re)venir r\u00e9guli\u00e8rement en d\u00e9couvrir de nouveaux\u00a0\u00bb explique Nicolas, graffeur lui aussi et bien conscient que le street-art est \u00e9ph\u00e9m\u00e8re par nature.<\/p>\n<p><a data-article-figure=\"\" href=\"https:\/\/france3-regions.franceinfo.fr\/image\/wtNxcmuQBW2LZSgn9JzV3ulW7pU\/1600x1200\/regions\/2025\/08\/23\/baleine-de-paimpol-68a9ef360592a421339076.jpg\" data-pswp-width=\"1600\" data-pswp-height=\"1200\" target=\"_blank\" rel=\"nofollow noopener\"><\/p>\n<p>          <img width=\"600\" height=\"400\" class=\"article-image lazy\" data-src=\"https:\/\/www.europesays.com\/fr\/wp-content\/uploads\/2025\/08\/baleine-de-paimpol-68a9ef360592a421339076.jpg\" alt=\"La baleine que l'artiste Horor a peint en 2024 sur un pignon du quartier Goas-Plat, a \u00e9t\u00e9 adopt\u00e9e par les Paimpolaises et Paimpolais.\" fetchpriority=\"high\" as=\"image\"\/><\/p>\n<p>\n            La baleine que l&rsquo;artiste Horor a peint en 2024 sur un pignon du quartier Goas-Plat, a \u00e9t\u00e9 adopt\u00e9e par les Paimpolaises et Paimpolais.<br \/>\n                           \u2022<br \/>\n                                      \u00a9 V. Chopin \/ France 3 Bretagne\n                      <\/p>\n<p><\/a><\/p>\n<p>Bailleurs sociaux, b\u00e2timents de France, mairie et organisateurs ont d\u00e9fini ensemble les espaces de cr\u00e9ation. Mais la population s&rsquo;est visiblement habitu\u00e9e, pour ne pas dire \u00ab\u00a0attach\u00e9\u00a0\u00bb \u00e0 certaines fresques, \u00e0 l&rsquo;image de la baleine que l&rsquo;artiste Horor a peinte l&rsquo;an dernier sur un pignon du quartier Goas-Plat : \u00ab\u00a0Si toutes les \u0153uvres deviennent patrimonialis\u00e9es, on va finir pas avoir un probl\u00e8me&#8230;\u00a0\u00bb sourit le membre de\u00a0 TSF Crew, \u00ab\u00a0mais nous n&rsquo;en sommes pas l\u00e0 !\u00a0\u00bb <\/p>\n<p>\u00ab\u00a0C&rsquo;est surtout bien la preuve que les Paimpolaises et Paimpolais se sont appropri\u00e9 ce nouveau mode d&rsquo;expression !\u00a0\u00bb se r\u00e9jouit la maire Fanny Chapp\u00e9, pas peu fi\u00e8re du succ\u00e8s rencontr\u00e9 par l&rsquo;\u00e9v\u00e9nement depuis trois ans.<\/p>\n<p>La ville finance en grande partie cet \u00e9v\u00e9nement d&rsquo;un budget proche de 35.000 euros. Les artistes sont log\u00e9s et \u00e9quip\u00e9s (de bombes de couleur) : \u00ab\u00a0Nous voulions offrir une promenade, inviter les gens \u00e0 se promener dans diff\u00e9rents quartiers et \u00e0 les voir autrement\u00a0\u00bb explique l&rsquo;\u00e9lue qui liste Goas-Plat, mais aussi le Champs de Foire, la balade du Quinic et la rue Marcel Cachin&#8230; Aux d\u00e9tracteurs qui critiqueraient l&rsquo;initiative, elle r\u00e9torque : \u00ab\u00a0Il ne s&rsquo;agit pas ici de d\u00e9coration murale, mais bien d&rsquo;art, de cr\u00e9ation que nous soutenons ! On a voulu surprendre, proposer d&rsquo;autres formes d&rsquo;expression artistiques&#8230;\u00a0\u00bb<\/p>\n<p><a data-article-figure=\"\" href=\"https:\/\/france3-regions.franceinfo.fr\/image\/kO-EAfG4ndRZbCN1lfrOibS-6yU\/1920x1080\/regions\/2025\/08\/23\/aaron-et-caroline-68a9f39ca0343577109215.jpg\" data-pswp-width=\"1920\" data-pswp-height=\"1080\" target=\"_blank\" rel=\"nofollow noopener\"><\/p>\n<p>          <img width=\"600\" height=\"400\" class=\"article-image lazy\" data-src=\"https:\/\/www.europesays.com\/fr\/wp-content\/uploads\/2025\/08\/aaron-et-caroline-68a9f39ca0343577109215.jpg\" alt=\"Passionn\u00e9 de dessins, Aaron fait le tour des street-artistes (comme ici Caroline Vong)  durant le Meeting of Styles qui se d\u00e9roule depuis 3 ans \u00e0 Paimpol, pour s'inspirer de leurs styles.\" fetchpriority=\"high\" as=\"image\"\/><\/p>\n<p>\n            Passionn\u00e9 de dessins, Aaron fait le tour des street-artistes (comme ici Caroline Vong)  durant le Meeting of Styles qui se d\u00e9roule depuis 3 ans \u00e0 Paimpol, pour s&rsquo;inspirer de leurs styles.<br \/>\n                           \u2022<br \/>\n                                      \u00a9 JM Piron \/ France 3 Bretagne\n                      <\/p>\n<p><\/a><\/p>\n<p>Des formes qui en inspirent un certain nombre \u00e0 l&rsquo;image du jeune Aaron, crois\u00e9 avec son p\u00e8re Jo\u00ebl, un cahier \u00e0 la main : \u00ab\u00a0\u00c7a, c&rsquo;est l&rsquo;autoportrait de Ben, devant la mairie&#8230; Celui-l\u00e0 j&rsquo;aimerais bien arriver \u00e0 le faire\u00a0\u00bb commentent-ils en feuilletant les pages. Le gar\u00e7on, amateur de dessins, collecte depuis deux ans d\u00e9j\u00e0, une collection d&rsquo;autographes artistiques : \u00ab\u00a0Des fois, \u00e0 la maison, je les prends comme mod\u00e8le pour dessiner \u00e0 mon tour&#8230;\u00a0\u00bb L&rsquo;art et la mani\u00e8re d&rsquo;observer, pour trouver son propre style !<\/p>\n<p>\u00ab\u00a0Meeting of Styles\u00a0\u00bb se poursuit jusqu\u2019\u00e0 dimanche \u00e0 Paimpol o\u00f9 en plus des performances en direct et \u00e0 ciel ouvert, des ateliers d\u2019initiation et des expositions sont propos\u00e9s gratuitement !<\/p>\n","protected":false},"excerpt":{"rendered":"Ils sont pr\u00e8s de 60&#8230; sur 1.700 \u00e0 avoir candidat\u00e9 ! Des graffeurs venus du monde entier s&rsquo;attaquent&hellip;\n","protected":false},"author":2,"featured_media":339374,"comment_status":"","ping_status":"","sticky":false,"template":"","format":"standard","meta":{"footnotes":""},"categories":[1358],"tags":[1348,1384,1385,1386,58,59,1011,27],"class_list":{"0":"post-339373","1":"post","2":"type-post","3":"status-publish","4":"format-standard","5":"has-post-thumbnail","7":"category-arts-et-design","8":"tag-arts","9":"tag-arts-and-design","10":"tag-arts-et-design","11":"tag-design","12":"tag-divertissement","13":"tag-entertainment","14":"tag-fr","15":"tag-france"},"share_on_mastodon":{"url":"https:\/\/pubeurope.com\/@fr\/115080368207340966","error":""},"_links":{"self":[{"href":"https:\/\/www.europesays.com\/fr\/wp-json\/wp\/v2\/posts\/339373","targetHints":{"allow":["GET"]}}],"collection":[{"href":"https:\/\/www.europesays.com\/fr\/wp-json\/wp\/v2\/posts"}],"about":[{"href":"https:\/\/www.europesays.com\/fr\/wp-json\/wp\/v2\/types\/post"}],"author":[{"embeddable":true,"href":"https:\/\/www.europesays.com\/fr\/wp-json\/wp\/v2\/users\/2"}],"replies":[{"embeddable":true,"href":"https:\/\/www.europesays.com\/fr\/wp-json\/wp\/v2\/comments?post=339373"}],"version-history":[{"count":0,"href":"https:\/\/www.europesays.com\/fr\/wp-json\/wp\/v2\/posts\/339373\/revisions"}],"wp:featuredmedia":[{"embeddable":true,"href":"https:\/\/www.europesays.com\/fr\/wp-json\/wp\/v2\/media\/339374"}],"wp:attachment":[{"href":"https:\/\/www.europesays.com\/fr\/wp-json\/wp\/v2\/media?parent=339373"}],"wp:term":[{"taxonomy":"category","embeddable":true,"href":"https:\/\/www.europesays.com\/fr\/wp-json\/wp\/v2\/categories?post=339373"},{"taxonomy":"post_tag","embeddable":true,"href":"https:\/\/www.europesays.com\/fr\/wp-json\/wp\/v2\/tags?post=339373"}],"curies":[{"name":"wp","href":"https:\/\/api.w.org\/{rel}","templated":true}]}}