{"id":339377,"date":"2025-08-23T22:11:14","date_gmt":"2025-08-23T22:11:14","guid":{"rendered":"https:\/\/www.europesays.com\/fr\/339377\/"},"modified":"2025-08-23T22:11:14","modified_gmt":"2025-08-23T22:11:14","slug":"earth-lamie-prodigieuse-wolf-hall-que-valent-les-series-de-la-semaine","status":"publish","type":"post","link":"https:\/\/www.europesays.com\/fr\/339377\/","title":{"rendered":"Earth\u201d, \u201cL\u2019Amie prodigieuse\u201d, \u201cWolf Hall\u201d\u2026 Que valent les s\u00e9ries de la semaine\u00a0?"},"content":{"rendered":"<p>      Le retour d\u2019une saga d\u2019horreur culte, l\u2019ultime saison d\u2019une trag\u00e9die napolitaine, et un drame historique \u00e0 la cour d\u2019Henri VIII&#8230; On vous dit tout sur les nouveaut\u00e9s de la semaine.              <a href=\"https:\/\/www.europesays.com\/fr\/wp-content\/uploads\/2025\/08\/76b0835_upload-1-bot3ibsf5qtm-l27amieprodigieuse2cl27enfantperdue-saison4-episode10.jpg\" data-pswp-width=\"\" data-pswp-height=\"\" class=\"media__hd\" target=\"_blank\">      <img decoding=\"async\" fetchpriority=\"high\" src=\"https:\/\/www.europesays.com\/fr\/wp-content\/uploads\/2025\/08\/76b0835_upload-1-bot3ibsf5qtm-l27amieprodigieuse2cl27enfantperdue-saison4-episode10.jpg\" class=\"media__picture js-media-zoom-main \" alt=\"\u00ab\u00a0L\u2019Amie prodigieuse\u00a0\u00bb avec Alba Rohrwacher et Irene Maiorino.\" title=\"Fremantle\"\/>      <\/p>\n<p class=\"media__legend\"> \u00ab\u00a0L\u2019Amie prodigieuse\u00a0\u00bb avec Alba Rohrwacher et Irene Maiorino.  Fremantle  <\/p>\n<p>     <\/a>                    <\/p>\n<p class=\"author author--simple\">Par  <a class=\"author author--link\" href=\"https:\/\/www.telerama.fr\/recherche\/articles?q=Le+service+S%C3%A9ries\" rel=\"nofollow noopener\" target=\"_blank\"> Le service S\u00e9ries <\/a>    <\/p>\n<p class=\"publication__date\">Publi\u00e9 le 23 ao\u00fbt 2025 \u00e0 17h50<\/p>\n<p>   Partager   <\/p>\n<ul class=\"sharing-popin--results\">\n<li class=\"sharing-popin--item sharing-popin--item-container\"> Partage  <\/li>\n<li data-share=\"linkedin\" class=\"sharing-popin--item\">  LinkedIn <\/li>\n<li data-share=\"facebook\" class=\"sharing-popin--item\">  Facebook <\/li>\n<li data-share=\"mail\" data-social=\"mail\" class=\"sharing-popin--item\">  Envoyer par email <\/li>\n<li data-share=\"copy\" class=\"sharing-popin--item\">  Copier le lien <\/li>\n<\/ul>\n<p>        Favoris       <\/p>\n<p>                <a class=\"openapp__link\" data-event=\"click-open-app\" data-deep-link=\"tlrm:\/\/element?id=\/series-tv\/aliens-earth-l-amie-prodigieuse-wolf-hall-que-valent-les-series-de-la-semaine-7027028.php&amp;source=deeplink_site\">  Lire dans l&rsquo;application<br \/>\n  <\/a>                               \u201cAliens\u00a0: Earth\u201d, saison 1\u00a0(Disney+)                      <\/p>\n<p class=\"paragraph\">En l\u2019an 2120, un vaisseau peupl\u00e9 d\u2019aliens s\u2019\u00e9crase sur Terre. Entre hommage et r\u00e9invention, Noah Hawley (Fargo, Legion) d\u00e9poussi\u00e8re avec brio la franchise lanc\u00e9e par Ridley Scott en\u00a01979.<\/p>\n<p class=\"edito__prefixe\">   D\u00e9couvrir la note et la critique   <\/p>\n<p class=\"edito__text-container\">       <a alt=\"Lire aussi\" href=\"https:\/\/www.telerama.fr\/series-tv\/alien-earth-sur-disney-une-serie-monstre-pour-relancer-la-saga-d-horreur-culte-1150_cri-7040186.php\" class=\"article__title--edito\" rel=\"nofollow noopener\" target=\"_blank\">\u201cAlien\u00a0: Earth\u201d, sur Disney+\u00a0: une s\u00e9rie monstre pour relancer la saga d\u2019horreur culte<\/a>  <\/p>\n<p>                                        \u201cL\u2019Amie prodigieuse\u201d, saison 4\u00a0(MyCanal)                      <\/p>\n<p class=\"paragraph\">Clap de fin magistral pour la fresque napolitaine adapt\u00e9e du best-seller d\u2019Elena Ferrante. Malgr\u00e9 son casting enti\u00e8rement renouvel\u00e9, cette trag\u00e9die n\u00e9or\u00e9aliste perp\u00e9tue le m\u00eame souffle romanesque et la m\u00eame \u00e2pret\u00e9.<\/p>\n<p class=\"edito__prefixe\">   D\u00e9couvrir la note et la critique   <\/p>\n<p class=\"edito__text-container\">       <a alt=\"Lire aussi\" href=\"https:\/\/www.telerama.fr\/series-tv\/l-amie-prodigieuse-une-saison-finale-magistrale_cri-7040149.php\" class=\"article__title--edito\" rel=\"nofollow noopener\" target=\"_blank\">\u201cL\u2019Amie prodigieuse\u201d\u00a0: une saison finale magistrale<\/a>  <\/p>\n<p>                                        \u201cWolf Hall\u201d, saisons 1\u00a0et 2\u00a0(Arte.tv)                      <\/p>\n<p class=\"paragraph\">Le r\u00e8gne d\u2019Henri VIII, l\u2019ascension de Cromwell\u2026 Avec Dans l\u2019ombre des Tudors, puis tourn\u00e9 dix apr\u00e8s Le Miroir et la Lumi\u00e8re, Peter Krosminsky s\u2019empare d\u2019une riche page d\u2019histoire britannique et signe une saga captivante.<\/p>\n<p class=\"edito__prefixe\">   D\u00e9couvrir la note et la critique   <\/p>\n<p class=\"edito__text-container\">       <a alt=\"Lire aussi\" href=\"https:\/\/www.telerama.fr\/series-tv\/wolf-hall-un-passionnant-thriller-psychologique-a-l-epoque-des-tudors_cri-7040202.php\" class=\"article__title--edito\" rel=\"nofollow noopener\" target=\"_blank\">\u201cWolf Hall\u201d, un passionnant thriller psychologique \u00e0 l\u2019\u00e9poque des Tudors<\/a>  <\/p>\n<p class=\"edito__prefixe\">   D\u00e9couvrir la note et la critique   <\/p>\n<p class=\"edito__text-container\">       <a alt=\"Lire aussi\" href=\"https:\/\/www.telerama.fr\/series-tv\/wolf-hall-sur-arte-une-saison-2-fascinante-autour-de-la-chute-du-stratege-d-henri-viii_cri-7040260.php\" class=\"article__title--edito\" rel=\"nofollow noopener\" target=\"_blank\">\u201cWolf Hall\u201d sur Arte.tv\u00a0: une saison 2\u00a0fascinante, autour de la chute du strat\u00e8ge d\u2019Henri VIII<\/a>  <\/p>\n<p>                                        \u201cButterfly\u201d, saison 1\u00a0(Prime Video)                      <\/p>\n<p class=\"paragraph\">Disparu depuis neuf ans, un mercenaire reprend du service et se confronte \u00e0 sa propre fille, mercenaire \u00e9galement. Une petite s\u00e9rie d\u2019espionnage, qui brille plus pour l\u2019action que pour son intrigue.<\/p>\n<p class=\"edito__prefixe\">   D\u00e9couvrir la note et la critique   <\/p>\n<p class=\"edito__text-container\">       <a alt=\"Lire aussi\" href=\"https:\/\/www.telerama.fr\/series-tv\/butterfly-sur-prime-video-une-serie-d-espionnage-pas-tres-realiste-mais-bien-rythmee_cri-7040244.php\" class=\"article__title--edito\" rel=\"nofollow noopener\" target=\"_blank\">\u201cButterfly\u201d, sur Prime Video\u00a0: une s\u00e9rie d\u2019espionnage pas tr\u00e8s r\u00e9aliste mais bien rythm\u00e9e<\/a>  <\/p>\n<p>                                        \u201cDans la boue\u201d, saison 1 (Netflix)                      <\/p>\n<p class=\"paragraph\">La nouvelle production carc\u00e9rale de la plateforme nord-am\u00e9ricaine, spin-off f\u00e9minin d\u2019El marginal, s\u2019av\u00e8re d\u2019un vide dramaturgique abyssal. En huit \u00e9pisodes, overdose de glauque garantie, avec option voyeurisme, la naus\u00e9e n\u2019est pas loin.<\/p>\n<p class=\"edito__prefixe\">   D\u00e9couvrir la note et la critique   <\/p>\n<p class=\"edito__text-container\">       <a alt=\"Lire aussi\" href=\"https:\/\/www.telerama.fr\/series-tv\/dans-la-boue-sur-netflix-overdose-de-glauque-et-de-voyeurisme-dans-une-prison-pour-femmes_cri-7040245.php\" class=\"article__title--edito\" rel=\"nofollow noopener\" target=\"_blank\">\u201cDans la boue\u201d, sur Netflix\u00a0: overdose de glauque et de voyeurisme dans une prison pour femmes<\/a>  <\/p>\n<p>                                        \u201cDexter\u00a0: Resurrection\u201d, saison 1\u00a0(MyCanal)                      <\/p>\n<p class=\"paragraph\">Dexter n\u2019est pas mort. La preuve\u00a0: il tue encore. Il s\u2019offre un retour aussi lourdaud qu\u2019improbable, malgr\u00e9 la pr\u00e9sence d\u2019Uma Thurman et de Peter Dinklage au casting.<\/p>\n<p class=\"edito__prefixe\">   D\u00e9couvrir la note et la critique   <\/p>\n<p class=\"edito__text-container\">       <a alt=\"Lire aussi\" href=\"https:\/\/www.telerama.fr\/series-tv\/dexter-resurrection-une-serie-qui-peine-a-ramener-a-la-vie-le-serial-killer-justicier_cri-7040258.php\" class=\"article__title--edito\" rel=\"nofollow noopener\" target=\"_blank\">\u201cDexter\u00a0: Resurrection\u201d, sur Canal+\u00a0: une s\u00e9rie qui peine \u00e0 ramener \u00e0 la vie le serial killer-justicier<\/a>  <\/p>\n<p>                                        \u201cYoung Millionaires\u201d, saison 1\u00a0(Netflix)                      <\/p>\n<p class=\"paragraph\">Quatre jeunes marseillais gagnent le jackpot au Loto\u2026 et les p\u00e9rip\u00e9ties s\u2019encha\u00eenent. Malgr\u00e9 une certaine fra\u00eecheur et de bons com\u00e9diens, la s\u00e9rie, pur produit Netflix, manque d\u2019ambitions artistiques.<\/p>\n<p class=\"edito__prefixe\">   D\u00e9couvrir la note et la critique   <\/p>\n<p class=\"edito__text-container\">       <a alt=\"Lire aussi\" href=\"https:\/\/www.telerama.fr\/series-tv\/young-millionaires-sur-netflix-une-comedie-ado-formatee-pour-cartonner-sans-trop-se-fatiguer_cri-7040247.php\" class=\"article__title--edito\" rel=\"nofollow noopener\" target=\"_blank\">\u201cYoung Millionaires\u201d, sur Netflix\u00a0: une com\u00e9die ado format\u00e9e pour cartonner sans trop se fatiguer<\/a>  <\/p>\n<p>                                        \u201cSurface\u201d, saison 1\u00a0(France.tv)                      <\/p>\n<p class=\"paragraph\">500\u00a0000\u00a0lecteurs\u00a0: pas \u00e9tonnant que France 2 se soit lanc\u00e9e dans une s\u00e9rie tir\u00e9e du polar d\u2019Olivier Norek, l\u2019ex-flic devenu auteur. Une version condens\u00e9e, en six \u00e9pisodes inspir\u00e9s, de l\u2019enqu\u00eate sinistre d\u2019une capitaine de police en Occitanie.<\/p>\n<p class=\"edito__prefixe\">   D\u00e9couvrir la note et la critique   <\/p>\n<p class=\"edito__text-container\">       <a alt=\"Lire aussi\" href=\"https:\/\/www.telerama.fr\/series-tv\/surface-sur-france-tv-laura-smet-nous-embarque-dans-cette-adaptation-soignee-du-polar-d-olivier-norek_cri-7040267.php\" class=\"article__title--edito\" rel=\"nofollow noopener\" target=\"_blank\">\u201cSurface\u201d, sur France.tv\u00a0: Laura Smet nous embarque dans cette adaptation soign\u00e9e du polar d\u2019Olivier Norek<\/a>  <\/p>\n<p class=\"edito__prefixe\">   \u00c0 lire aussi :   <\/p>\n<p class=\"edito__text-container\">     <a alt=\"Lire aussi\" href=\"https:\/\/www.telerama.fr\/series-tv\/sanglantes-grincantes-ou-paranoiaques-15-series-policieres-qui-vont-vous-captiver-tout-l-ete-7026970.php\" class=\"article__title--edito\" rel=\"nofollow noopener\" target=\"_blank\">Sanglantes, grin\u00e7antes ou parano\u00efaques\u2026 15 s\u00e9ries polici\u00e8res qui vont vous captiver tout l\u2019\u00e9t\u00e9<\/a>  <\/p>\n<p class=\"edito__prefixe\">   \u00c0 lire aussi :   <\/p>\n<p class=\"edito__text-container\">   <a alt=\"Lire aussi\" href=\"https:\/\/www.telerama.fr\/series-tv\/pourquoi-le-corbeau-a-envahi-le-bestiaire-du-cinema-et-des-series-bien-avant-mercredi-7027008.php\" class=\"article__title--edito\" rel=\"nofollow noopener\" target=\"_blank\">Pourquoi  le corbeau a envahi le bestiaire du cin\u00e9ma et des s\u00e9ries, bien avant \u201cMercredi\u201d<\/a>  <\/p>\n<p class=\"paragraph\">Et pour ne rien manquer de nos derni\u00e8res recommandations sur les s\u00e9ries, films et documentaires disponibles sur Netflix, Arte.tv, MyCanal, Max\u2026 et gagner du temps dans vos recherches, rendez-vous sur notre guide Plateformes.<\/p>\n<p>        <img decoding=\"async\" class=\"snippet-generic__img\" src=\"https:\/\/www.europesays.com\/fr\/wp-content\/uploads\/2025\/04\/e7b7817_1729070628687-2.png\"\/><\/p>\n<p class=\"snippet-generic__title\">Enfin un guide Plateformes<\/p>\n<p class=\"snippet-generic__text\">Arr\u00eatez de perdre du temps \u00e0 chercher et d\u00e9couvrez les films, les s\u00e9ries et les documentaires recommand\u00e9s par T\u00e9l\u00e9rama sur toutes les plateformes SVOD. <\/p>\n<p>    <a href=\"https:\/\/www.telerama.fr\/plateformes\/\" rel=\"nofollow noopener\" target=\"_blank\"><\/p>\n<p>            Je d\u00e9couvre<\/p>\n<p>    <\/a><\/p>\n","protected":false},"excerpt":{"rendered":"Le retour d\u2019une saga d\u2019horreur culte, l\u2019ultime saison d\u2019une trag\u00e9die napolitaine, et un drame historique \u00e0 la cour&hellip;\n","protected":false},"author":2,"featured_media":339378,"comment_status":"","ping_status":"","sticky":false,"template":"","format":"standard","meta":{"footnotes":""},"categories":[1356],"tags":[58,59,1011,27,252,1364],"class_list":{"0":"post-339377","1":"post","2":"type-post","3":"status-publish","4":"format-standard","5":"has-post-thumbnail","7":"category-television","8":"tag-divertissement","9":"tag-entertainment","10":"tag-fr","11":"tag-france","12":"tag-television","13":"tag-tv"},"share_on_mastodon":{"url":"https:\/\/pubeurope.com\/@fr\/115080376807821804","error":""},"_links":{"self":[{"href":"https:\/\/www.europesays.com\/fr\/wp-json\/wp\/v2\/posts\/339377","targetHints":{"allow":["GET"]}}],"collection":[{"href":"https:\/\/www.europesays.com\/fr\/wp-json\/wp\/v2\/posts"}],"about":[{"href":"https:\/\/www.europesays.com\/fr\/wp-json\/wp\/v2\/types\/post"}],"author":[{"embeddable":true,"href":"https:\/\/www.europesays.com\/fr\/wp-json\/wp\/v2\/users\/2"}],"replies":[{"embeddable":true,"href":"https:\/\/www.europesays.com\/fr\/wp-json\/wp\/v2\/comments?post=339377"}],"version-history":[{"count":0,"href":"https:\/\/www.europesays.com\/fr\/wp-json\/wp\/v2\/posts\/339377\/revisions"}],"wp:featuredmedia":[{"embeddable":true,"href":"https:\/\/www.europesays.com\/fr\/wp-json\/wp\/v2\/media\/339378"}],"wp:attachment":[{"href":"https:\/\/www.europesays.com\/fr\/wp-json\/wp\/v2\/media?parent=339377"}],"wp:term":[{"taxonomy":"category","embeddable":true,"href":"https:\/\/www.europesays.com\/fr\/wp-json\/wp\/v2\/categories?post=339377"},{"taxonomy":"post_tag","embeddable":true,"href":"https:\/\/www.europesays.com\/fr\/wp-json\/wp\/v2\/tags?post=339377"}],"curies":[{"name":"wp","href":"https:\/\/api.w.org\/{rel}","templated":true}]}}