{"id":339379,"date":"2025-08-23T22:12:27","date_gmt":"2025-08-23T22:12:27","guid":{"rendered":"https:\/\/www.europesays.com\/fr\/339379\/"},"modified":"2025-08-23T22:12:27","modified_gmt":"2025-08-23T22:12:27","slug":"bruce-dickinson-iron-maiden-affirme-que-jouer-dans-des-petites-salles-ne-lui-pose-aucun-probleme","status":"publish","type":"post","link":"https:\/\/www.europesays.com\/fr\/339379\/","title":{"rendered":"Bruce Dickinson (Iron Maiden) affirme que jouer dans des petites salles ne lui pose aucun probl\u00e8me"},"content":{"rendered":"<p><strong><a href=\"https:\/\/www.metalzone.fr\/bruce-dickinson\/\" rel=\"nofollow noopener\" target=\"_blank\">Bruce Dickinson<\/a> affirme que jouer dans des th\u00e9\u00e2tres ou des clubs avec son projet solo ne lui pose aucun probl\u00e8me, une exp\u00e9rience qu\u2019il appr\u00e9cie autant que les concerts g\u00e9ants avec <a href=\"https:\/\/www.metalzone.fr\/iron-maiden\/\" rel=\"nofollow noopener\" target=\"_blank\">Iron Maiden<\/a>.<\/strong><\/p>\n<p>Bruce Dickinson savoure l\u2019intimit\u00e9 des petites salles<\/p>\n<p>Dans une interview accord\u00e9e \u00e0 <a href=\"https:\/\/www.youtube.com\/watch?v=FRRpId11EgM\" target=\"_blank\" rel=\"nofollow noopener\">WRIF<\/a>, le chanteur d\u2019Iron Maiden a expliqu\u00e9 qu\u2019il n\u2019avait aucune frustration \u00e0 se produire dans des lieux plus modestes avec les membres de son projet solo : \u201cLa comparaison n\u2019a pas lieu d\u2019\u00eatre. J\u2019aime autant jouer dans un th\u00e9\u00e2tre que dans un stade. Ce qui compte, c\u2019est le moment, que ce soit devant trois personnes ou 300 000\u201c. Il ajoute qu\u2019il adapte l\u00e9g\u00e8rement sa mani\u00e8re de chanter et de se d\u00e9placer selon la taille de la salle, mais que l\u2019objectif reste le m\u00eame : offrir la meilleure exp\u00e9rience possible au public.<\/p>\n<p>Dickinson pr\u00e9cise aussi que cette proximit\u00e9 change l\u2019\u00e9nergie partag\u00e9e avec les spectateurs et les musiciens. Pour lui, le lien direct qui se cr\u00e9e dans une petite salle n\u2019est pas inf\u00e9rieur \u00e0 celui ressenti dans une ar\u00e8ne, mais simplement diff\u00e9rent.<\/p>\n<p>Un futur album d\u00e9j\u00e0 en pr\u00e9paration<\/p>\n<p>Parall\u00e8lement \u00e0 sa tourn\u00e9e The Mandrake Project Live 2025, l\u2019artiste continue de travailler sur un nouvel album solo attendu pour 2027. Comme \u00e9voqu\u00e9 <a href=\"https:\/\/www.metalzone.fr\/news\/219541-bruce-dickinson-iron-maiden-methode-prochain-album-direct\/\" target=\"_blank\" rel=\"noopener nofollow\">ici<\/a>, il souhaite enregistrer ce disque en conditions live, avec les m\u00eames musiciens qui l\u2019accompagnent sur sc\u00e8ne. Ce projet comptera des passages particuli\u00e8rement lourds, mais aussi des instants plus d\u00e9licats, une direction qu\u2019il a r\u00e9cemment d\u00e9crite comme \u201clourde \u00e0 vous broyer les os\u201d, valid\u00e9e par Steve Harris selon <a href=\"https:\/\/www.metalzone.fr\/news\/219208-bruce-dickinson-album-lourd-2027-approuve-steve-harris-iron-maiden\/\" target=\"_blank\" rel=\"noopener nofollow\">cet entretien<\/a>.<\/p>\n<p>Entre ses concerts plus intimistes et ses ambitions discographiques, Dickinson semble d\u00e9termin\u00e9 \u00e0 explorer toutes les facettes de sa cr\u00e9ativit\u00e9, sans chercher \u00e0 opposer les formats, mais plut\u00f4t \u00e0 les consid\u00e9rer comme compl\u00e9mentaires.<\/p><\/p>\n","protected":false},"excerpt":{"rendered":"Bruce Dickinson affirme que jouer dans des th\u00e9\u00e2tres ou des clubs avec son projet solo ne lui pose&hellip;\n","protected":false},"author":2,"featured_media":339380,"comment_status":"","ping_status":"","sticky":false,"template":"","format":"standard","meta":{"footnotes":""},"categories":[1355],"tags":[58,59,1011,27,1361,873],"class_list":{"0":"post-339379","1":"post","2":"type-post","3":"status-publish","4":"format-standard","5":"has-post-thumbnail","7":"category-musique","8":"tag-divertissement","9":"tag-entertainment","10":"tag-fr","11":"tag-france","12":"tag-music","13":"tag-musique"},"share_on_mastodon":{"url":"https:\/\/pubeurope.com\/@fr\/115080380176874010","error":""},"_links":{"self":[{"href":"https:\/\/www.europesays.com\/fr\/wp-json\/wp\/v2\/posts\/339379","targetHints":{"allow":["GET"]}}],"collection":[{"href":"https:\/\/www.europesays.com\/fr\/wp-json\/wp\/v2\/posts"}],"about":[{"href":"https:\/\/www.europesays.com\/fr\/wp-json\/wp\/v2\/types\/post"}],"author":[{"embeddable":true,"href":"https:\/\/www.europesays.com\/fr\/wp-json\/wp\/v2\/users\/2"}],"replies":[{"embeddable":true,"href":"https:\/\/www.europesays.com\/fr\/wp-json\/wp\/v2\/comments?post=339379"}],"version-history":[{"count":0,"href":"https:\/\/www.europesays.com\/fr\/wp-json\/wp\/v2\/posts\/339379\/revisions"}],"wp:featuredmedia":[{"embeddable":true,"href":"https:\/\/www.europesays.com\/fr\/wp-json\/wp\/v2\/media\/339380"}],"wp:attachment":[{"href":"https:\/\/www.europesays.com\/fr\/wp-json\/wp\/v2\/media?parent=339379"}],"wp:term":[{"taxonomy":"category","embeddable":true,"href":"https:\/\/www.europesays.com\/fr\/wp-json\/wp\/v2\/categories?post=339379"},{"taxonomy":"post_tag","embeddable":true,"href":"https:\/\/www.europesays.com\/fr\/wp-json\/wp\/v2\/tags?post=339379"}],"curies":[{"name":"wp","href":"https:\/\/api.w.org\/{rel}","templated":true}]}}