{"id":339386,"date":"2025-08-23T22:16:09","date_gmt":"2025-08-23T22:16:09","guid":{"rendered":"https:\/\/www.europesays.com\/fr\/339386\/"},"modified":"2025-08-23T22:16:09","modified_gmt":"2025-08-23T22:16:09","slug":"danse-avec-les-stars-christophe-licata-bientot-jure-de-lemission-de-tf1-il-repond-avec-franchise-ca-me-fait-tres-envie-mais-marie-france-magazine-feminin","status":"publish","type":"post","link":"https:\/\/www.europesays.com\/fr\/339386\/","title":{"rendered":"Danse avec les stars : Christophe Licata bient\u00f4t jur\u00e9 de l&#039;\u00e9mission de TF1 ? Il r\u00e9pond avec franchise &quot;\u00c7a me fait tr\u00e8s envie, mais&#8230;&quot; &#8211; Marie France, magazine f\u00e9minin"},"content":{"rendered":"<ol>\n<li><a href=\"https:\/\/news.google.com\/rss\/articles\/CBMi_AFBVV95cUxQUjlxSjBsTkdtYWdXQldUOFFzLUY4MDVNcEVIOTlGRGw5WXRtUkZpbHpIXzJJX1dWV2VBSmp4cjNzdHFpVlduR2JPYTRITmNkQVZzRGdhY0RYYzA2YmpoTWxyNUx5dWhWT0pLcG1qTHZRYzB6WTMyY21GTmdBRjRzYTZRVzhtUngyaXJIWUxQT0NPVGp4UHRwYkgzU2FzelJmT1d4VEhqTklhTUJFSWJWWXdkWHJ5MzZUX01vN3pFcU1yUnVrY0JiSUtBTFFZOHFYeFByRXFoaXFxcHAyUC1pdEdrWlkzTDc3UkpIUzZsb0h3bmcxQ2MzZlVFR3M?oc=5\" target=\"_blank\" rel=\"nofollow noopener\">Danse avec les stars : Christophe Licata bient\u00f4t jur\u00e9 de l&rsquo;\u00e9mission de TF1 ? Il r\u00e9pond avec franchise \u00ab\u00a0\u00c7a me fait tr\u00e8s envie, mais&#8230;\u00a0\u00bb<\/a>&nbsp;&nbsp;Marie France, magazine f\u00e9minin<\/li>\n<li><a href=\"https:\/\/news.google.com\/rss\/articles\/CBMi4wFBVV95cUxQelA4b1dWbWtnVzZ2ZlFTb2tVOGwxX1dBRElyVlVsWEF2NGNjZ1pmVkI1NXJPdmFpNU1DSmtLWUZHUUZWQWl1UDllemFLNWNEemFlajVxaWhtOHFvUEtUeWpMSDFTMWg2ZGZTMEllVEt3Z0U4ZFhpY21WUDZHVTRxZEN6aXEtcm1jZVZvczg2QUJCZkc5OUZNcHpiVEJKNDJpcEl6bjBIUGprRmM5Z09ldmJuSDNOSzNZczhGTWZsbmVzeDNfUzR2OVZuUDlNcnhvLWViaTV6U3B3eEZuNW9PeFN6WQ?oc=5\" target=\"_blank\" rel=\"nofollow noopener\">Mayane El Baze se confie sur sa premi\u00e8re participation \u00e0 Fort Boyard : \u00ab\u00a0Christophe Licata l&rsquo;a fait pour moi\u00a0\u00bb<\/a>&nbsp;&nbsp;programme-tv.net<\/li>\n<li><a href=\"https:\/\/news.google.com\/rss\/articles\/CBMicEFVX3lxTE9NMXoweUhFd0hEZVNoSzBBdDF6ZHBZSDdnVEw3RmFYZ0U1QXRqY0xqbDJ4aU52YXFueDVOWmFYaHMzZC04ZFZxTGlSUWdCUnFMS3h5dTVwU2ZZTGo4VFJNb1ZrTlR2XzBIMnVJTjVqZWo?oc=5\" target=\"_blank\" rel=\"nofollow noopener\">Danse avec les stars : Christophe Licata pr\u00eat \u00e0 claquer la porte ! Sa condition impos\u00e9e \u00e0 TF1 pour rester<\/a>&nbsp;&nbsp;AlloCin\u00e9<\/li>\n<li><a href=\"https:\/\/news.google.com\/rss\/articles\/CBMi9gFBVV95cUxOX0RQN21yM1FlMEduSzFreVNJdnhKSEp6WWFsa3d2UnA4cjlmNU80bGVWaV9Ebk9ZSURaVWFiZ3BaNkV2ZjcxQWp0TkxlNEJWV1UtU1c0TzhCaEY0ZkZKWHcxcU9RVUNFQnVFRWtYemJmbFA0ZXdpZWRxQzUyVGdOb0habVdVcTEtWUR0Y1pKZVNhcXJSV2dIWi1xNmVqdWNZYV9CMTRybXdlZW80MDVkbWRwQnVRenhzbjI0UUs3TEV6enNOTEhTcFpQNVFSSHN6QWp3OTVSSmFpeEdINHJ1Z2RDOVF4eDhFSFlQZFF3TGI1dktFVnc?oc=5\" target=\"_blank\" rel=\"nofollow noopener\">Christophe Licata \u201cab\u00eem\u00e9\u201d par la brouille entre In\u00e8s Reg et Natasha St-Pier, il revient sur cette p\u00e9riode compliqu\u00e9e<\/a>&nbsp;&nbsp;Gala<\/li>\n<li><a href=\"https:\/\/news.google.com\/rss\/articles\/CBMixwFBVV95cUxPQkdvNENGeHY3SXNFTUlHeXlTNGVVNnlmdXM1TjM0LVE0MUVBeHZxVmxTWTdScVJOazBURFBGTTlMTVpRR0RjTzhyMW5ieF9KU2NlVFJNVWVyVnkyQm5faGJab2w2Qi1zNmpmX0p2eG04QWhfSHVhaW01cnpXaGtxeVBFSWxmMmsxY3hRN05uTkl2bEdJekhfanp2bC10WGV0NlNfbDJOV1JwUGhlMDctaDdudkNVSUpMNV9nb2JKbmVFc0ZSa29Z?oc=5\" target=\"_blank\" rel=\"nofollow noopener\">Danse avec les stars : Christophe Licata \u00ab\u00a0ne peut pas dire\u201d s&rsquo;il sera dans la prochaine saison<\/a>&nbsp;&nbsp;Diverto<\/li>\n<\/ol>\n","protected":false},"excerpt":{"rendered":"Danse avec les stars : Christophe Licata bient\u00f4t jur\u00e9 de l&rsquo;\u00e9mission de TF1 ? Il r\u00e9pond avec franchise&hellip;\n","protected":false},"author":2,"featured_media":1445,"comment_status":"","ping_status":"","sticky":false,"template":"","format":"standard","meta":{"footnotes":""},"categories":[8],"tags":[58,59,1011,27],"class_list":{"0":"post-339386","1":"post","2":"type-post","3":"status-publish","4":"format-standard","5":"has-post-thumbnail","7":"category-divertissement","8":"tag-divertissement","9":"tag-entertainment","10":"tag-fr","11":"tag-france"},"share_on_mastodon":{"url":"https:\/\/pubeurope.com\/@fr\/115080395716885450","error":""},"_links":{"self":[{"href":"https:\/\/www.europesays.com\/fr\/wp-json\/wp\/v2\/posts\/339386","targetHints":{"allow":["GET"]}}],"collection":[{"href":"https:\/\/www.europesays.com\/fr\/wp-json\/wp\/v2\/posts"}],"about":[{"href":"https:\/\/www.europesays.com\/fr\/wp-json\/wp\/v2\/types\/post"}],"author":[{"embeddable":true,"href":"https:\/\/www.europesays.com\/fr\/wp-json\/wp\/v2\/users\/2"}],"replies":[{"embeddable":true,"href":"https:\/\/www.europesays.com\/fr\/wp-json\/wp\/v2\/comments?post=339386"}],"version-history":[{"count":0,"href":"https:\/\/www.europesays.com\/fr\/wp-json\/wp\/v2\/posts\/339386\/revisions"}],"wp:featuredmedia":[{"embeddable":true,"href":"https:\/\/www.europesays.com\/fr\/wp-json\/wp\/v2\/media\/1445"}],"wp:attachment":[{"href":"https:\/\/www.europesays.com\/fr\/wp-json\/wp\/v2\/media?parent=339386"}],"wp:term":[{"taxonomy":"category","embeddable":true,"href":"https:\/\/www.europesays.com\/fr\/wp-json\/wp\/v2\/categories?post=339386"},{"taxonomy":"post_tag","embeddable":true,"href":"https:\/\/www.europesays.com\/fr\/wp-json\/wp\/v2\/tags?post=339386"}],"curies":[{"name":"wp","href":"https:\/\/api.w.org\/{rel}","templated":true}]}}