{"id":339389,"date":"2025-08-23T22:18:09","date_gmt":"2025-08-23T22:18:09","guid":{"rendered":"https:\/\/www.europesays.com\/fr\/339389\/"},"modified":"2025-08-23T22:18:09","modified_gmt":"2025-08-23T22:18:09","slug":"des-locataires-airbnb-minent-des-cryptomonnaies-et-laissent-1-300-euros-de-facture-delectricite-a-la-proprietaire","status":"publish","type":"post","link":"https:\/\/www.europesays.com\/fr\/339389\/","title":{"rendered":"Des locataires Airbnb minent des cryptomonnaies et laissent 1 300 euros de facture d&rsquo;\u00e9lectricit\u00e9 \u00e0 la propri\u00e9taire"},"content":{"rendered":"<p>Alors c\u2019est pas ce genre de news\u2026 mais cette news l\u00e0 en particulier puisqu\u2019on a le droit (et c\u2019est pas la premi\u00e8re fois) \u00e0 une \u00ab actualit\u00e9 \u00bb qui date d\u2019un peu plus d un an\u2026 (on trouve des articles du 4\/08\/2024):<\/p>\n<p>La vid\u00e9o d\u2019Ashley sur TikTok :\n<\/p>\n<p>Et un article sur le sujet <a href=\"https:\/\/cryptoast.fr\/apres-mine-cryptomonnaies-airbnb-laissent-facture-electricite-1500-dollars\/\" class=\"inline-onebox\" rel=\"noopener nofollow ugc\" target=\"_blank\">Apr\u00e8s avoir min\u00e9 des cryptomonnaies dans un Airbnb, ils laissent une facture d\u2019\u00e9lectricit\u00e9 de 1\u2009500\u00a0dollars<\/a><\/p>\n<p>Je serais curieux d\u2019avoir l\u2019avis d\u2019un journaliste sur cette pratique de faire une \u00ab actualit\u00e9 \u00bb vieille d\u2019un an sans contexte et avec en source un article de seconde main en espagnol derri\u00e8re paywall alors que la source primaire est disponible.<\/p>\n<p>Le plus \u00e9trange c\u2019est ce passage :<\/p>\n<blockquote>\n<p>Deuxi\u00e8me r\u00e8gle : interdiction d\u2019installer des stations de recharge pour v\u00e9hicules \u00e9lectriques sans autorisation. Car oui, les locataires avaient aussi exploit\u00e9 la borne de recharge pr\u00e9sente sur place, probablement pour alimenter encore plus de mat\u00e9riel.<\/p>\n<\/blockquote>\n<p>Aucune id\u00e9e d\u2019o\u00f9 \u00e7a peut sortir <img decoding=\"async\" src=\"https:\/\/www.europesays.com\/fr\/wp-content\/uploads\/2025\/08\/person_shrugging.png\" title=\":person_shrugging:\" class=\"emoji\" alt=\":person_shrugging:\" loading=\"lazy\" width=\"20\" height=\"20\"\/> dans sa vid\u00e9o Ashley explique qu\u2019ils ont fait installer une borne de rechargement de VE mais parle pas du tout pour alimenter \u00ab plus de mat\u00e9riel \u00bb ( en dehors de VE ).<\/p>\n<p>Une forme de t\u00e9l\u00e9phone espagnole ? Ou ne sachant pas autant carr\u00e9ment inventer ?<\/p>\n","protected":false},"excerpt":{"rendered":"Alors c\u2019est pas ce genre de news\u2026 mais cette news l\u00e0 en particulier puisqu\u2019on a le droit (et&hellip;\n","protected":false},"author":2,"featured_media":339390,"comment_status":"","ping_status":"","sticky":false,"template":"","format":"standard","meta":{"footnotes":""},"categories":[6],"tags":[35,33,34,1011,27],"class_list":{"0":"post-339389","1":"post","2":"type-post","3":"status-publish","4":"format-standard","5":"has-post-thumbnail","7":"category-economie","8":"tag-business","9":"tag-economie","10":"tag-economy","11":"tag-fr","12":"tag-france"},"share_on_mastodon":{"url":"https:\/\/pubeurope.com\/@fr\/115080403826332644","error":""},"_links":{"self":[{"href":"https:\/\/www.europesays.com\/fr\/wp-json\/wp\/v2\/posts\/339389","targetHints":{"allow":["GET"]}}],"collection":[{"href":"https:\/\/www.europesays.com\/fr\/wp-json\/wp\/v2\/posts"}],"about":[{"href":"https:\/\/www.europesays.com\/fr\/wp-json\/wp\/v2\/types\/post"}],"author":[{"embeddable":true,"href":"https:\/\/www.europesays.com\/fr\/wp-json\/wp\/v2\/users\/2"}],"replies":[{"embeddable":true,"href":"https:\/\/www.europesays.com\/fr\/wp-json\/wp\/v2\/comments?post=339389"}],"version-history":[{"count":0,"href":"https:\/\/www.europesays.com\/fr\/wp-json\/wp\/v2\/posts\/339389\/revisions"}],"wp:featuredmedia":[{"embeddable":true,"href":"https:\/\/www.europesays.com\/fr\/wp-json\/wp\/v2\/media\/339390"}],"wp:attachment":[{"href":"https:\/\/www.europesays.com\/fr\/wp-json\/wp\/v2\/media?parent=339389"}],"wp:term":[{"taxonomy":"category","embeddable":true,"href":"https:\/\/www.europesays.com\/fr\/wp-json\/wp\/v2\/categories?post=339389"},{"taxonomy":"post_tag","embeddable":true,"href":"https:\/\/www.europesays.com\/fr\/wp-json\/wp\/v2\/tags?post=339389"}],"curies":[{"name":"wp","href":"https:\/\/api.w.org\/{rel}","templated":true}]}}