{"id":339393,"date":"2025-08-23T22:20:15","date_gmt":"2025-08-23T22:20:15","guid":{"rendered":"https:\/\/www.europesays.com\/fr\/339393\/"},"modified":"2025-08-23T22:20:15","modified_gmt":"2025-08-23T22:20:15","slug":"un-jeune-homme-poignarde-apres-avoir-defendu-sa-compagne-dans-le-tramway-a-paris","status":"publish","type":"post","link":"https:\/\/www.europesays.com\/fr\/339393\/","title":{"rendered":"Un jeune homme poignard\u00e9 apr\u00e8s avoir d\u00e9fendu sa compagne dans le tramway \u00e0 Paris"},"content":{"rendered":"<p>Une altercation dans le tramway \u00e0 Paris a vir\u00e9 au drame dans la nuit de vendredi \u00e0 samedi. L&rsquo;incident, <a href=\"https:\/\/www.leparisien.fr\/faits-divers\/paris-il-intervient-pour-defendre-sa-compagne-dans-le-tramway-et-recoit-cinq-coups-de-couteau-23-08-2025-FDXNQANPVVHSBCQ5I457AI4QGA.php\" target=\"_blank\" rel=\"nofollow noopener\">relat\u00e9 par Le Parisien<\/a>, s&rsquo;est produit peu avant 0h30 \u00e0 bord du tramway T3, dans le XIVe arrondissement de Paris. Selon les premiers t\u00e9moignages, un passager aurait commenc\u00e9 \u00e0 importuner et insulter une jeune femme. Son compagnon est alors intervenu pour la d\u00e9fendre.<\/p>\n<p>Tr\u00e8s vite, le ton est mont\u00e9 et les deux hommes ont d\u00e9cid\u00e9 de descendre \u00e0 l&rsquo;arr\u00eat Porte de Vanves pour r\u00e9gler leur diff\u00e9rend. La bagarre a pris une tournure dramatique lorsque l&rsquo;un des protagonistes a sorti une lame et port\u00e9 cinq coups \u00e0 son adversaire, le touchant notamment au torse et \u00e0 l&rsquo;abdomen.<\/p>\n<p>Un suspect interpell\u00e9 quelques minutes plus tard<\/p>\n<p>La jeune victime s&rsquo;est effondr\u00e9e sur le sol. Alert\u00e9s, des t\u00e9moins ont appel\u00e9 les secours. Le Samu est rapidement intervenu et a pris en charge le jeune homme, transport\u00e9 en urgence absolue \u00e0 l&rsquo;h\u00f4pital europ\u00e9en Georges-Pompidou (XVe). Malgr\u00e9 la gravit\u00e9 de ses blessures, son pronostic vital n&rsquo;\u00e9tait plus engag\u00e9 au matin.<\/p>\n<p>Pendant ce temps, l&rsquo;agresseur pr\u00e9sum\u00e9 avait pris la fuite. Un appel radio a permis aux policiers de rep\u00e9rer un individu correspondant \u00e0 la description. Contr\u00f4l\u00e9 quelques minutes apr\u00e8s, il pr\u00e9sentait des traces de sang sur la main droite.<\/p>\n<p>Conduit sur les lieux, il a \u00e9t\u00e9 formellement reconnu par un t\u00e9moin. L&rsquo;homme, \u00e2g\u00e9 de 42 ans et d\u00e9j\u00e0 d\u00e9favorablement connu des services de police, a \u00e9t\u00e9 plac\u00e9 en garde \u00e0 vue.<\/p>\n<p>Une enqu\u00eate pour tentative d&rsquo;homicide volontaire<\/p>\n<p>Le parquet de Paris a confi\u00e9 l&rsquo;enqu\u00eate au troisi\u00e8me district de police judiciaire. Les investigations portent sur des faits de tentative d&rsquo;homicide volontaire.<\/p>\n","protected":false},"excerpt":{"rendered":"Une altercation dans le tramway \u00e0 Paris a vir\u00e9 au drame dans la nuit de vendredi \u00e0 samedi.&hellip;\n","protected":false},"author":2,"featured_media":339394,"comment_status":"","ping_status":"","sticky":false,"template":"","format":"standard","meta":{"footnotes":""},"categories":[4],"tags":[17,11,150,6661,16152,25706,274,1011,27,4933,3913,12,13659,25],"class_list":{"0":"post-339393","1":"post","2":"type-post","3":"status-publish","4":"format-standard","5":"has-post-thumbnail","7":"category-france","8":"tag-17","9":"tag-actualites","10":"tag-apres","11":"tag-avoir","12":"tag-compagne","13":"tag-defendu","14":"tag-faits-divers-justice","15":"tag-fr","16":"tag-france","17":"tag-homme","18":"tag-jeune","19":"tag-news","20":"tag-poignarde","21":"tag-republique-francaise"},"share_on_mastodon":{"url":"https:\/\/pubeurope.com\/@fr\/115080411488812698","error":""},"_links":{"self":[{"href":"https:\/\/www.europesays.com\/fr\/wp-json\/wp\/v2\/posts\/339393","targetHints":{"allow":["GET"]}}],"collection":[{"href":"https:\/\/www.europesays.com\/fr\/wp-json\/wp\/v2\/posts"}],"about":[{"href":"https:\/\/www.europesays.com\/fr\/wp-json\/wp\/v2\/types\/post"}],"author":[{"embeddable":true,"href":"https:\/\/www.europesays.com\/fr\/wp-json\/wp\/v2\/users\/2"}],"replies":[{"embeddable":true,"href":"https:\/\/www.europesays.com\/fr\/wp-json\/wp\/v2\/comments?post=339393"}],"version-history":[{"count":0,"href":"https:\/\/www.europesays.com\/fr\/wp-json\/wp\/v2\/posts\/339393\/revisions"}],"wp:featuredmedia":[{"embeddable":true,"href":"https:\/\/www.europesays.com\/fr\/wp-json\/wp\/v2\/media\/339394"}],"wp:attachment":[{"href":"https:\/\/www.europesays.com\/fr\/wp-json\/wp\/v2\/media?parent=339393"}],"wp:term":[{"taxonomy":"category","embeddable":true,"href":"https:\/\/www.europesays.com\/fr\/wp-json\/wp\/v2\/categories?post=339393"},{"taxonomy":"post_tag","embeddable":true,"href":"https:\/\/www.europesays.com\/fr\/wp-json\/wp\/v2\/tags?post=339393"}],"curies":[{"name":"wp","href":"https:\/\/api.w.org\/{rel}","templated":true}]}}