{"id":339401,"date":"2025-08-23T22:26:46","date_gmt":"2025-08-23T22:26:46","guid":{"rendered":"https:\/\/www.europesays.com\/fr\/339401\/"},"modified":"2025-08-23T22:26:46","modified_gmt":"2025-08-23T22:26:46","slug":"match-amical-aurelien-vacheret-le-seul-objectif-qui-nous-anime-est-le-match-a-nancy-le-14-septembre","status":"publish","type":"post","link":"https:\/\/www.europesays.com\/fr\/339401\/","title":{"rendered":"match amical. Aur\u00e9lien Vacheret\u00a0: \u00ab\u00a0Le seul objectif qui nous anime est le match \u00e0 Nancy le 14\u00a0septembre\u00a0\u00bb"},"content":{"rendered":"<p><strong>O\u00f9 se situe votre groupe, qui a repris depuis juillet\u00a0?<\/strong><\/p>\n<p>\u00ab\u00a0Le groupe vit tr\u00e8s bien, je crois. Nous avons toujours 40\/45 joueurs \u00e0 l\u2019entra\u00eenement avec un pic \u00e0 57, fin juillet. Il y a une belle \u00e9mulation. Pourvu que \u00e7a dure\u00a0! \u00c0 95\u00a0%, le recrutement semble termin\u00e9 pour un nouveau groupe, avec beaucoup de joueurs qui ont connu la F\u00e9d\u00e9rale 2. C\u2019est un nouveau challenge pour nous, avec l\u2019Alsace et la Lorraine et les locaux Pontarlier&#8230;<\/p>\n","protected":false},"excerpt":{"rendered":"O\u00f9 se situe votre groupe, qui a repris depuis juillet\u00a0? \u00ab\u00a0Le groupe vit tr\u00e8s bien, je crois. Nous&hellip;\n","protected":false},"author":2,"featured_media":339402,"comment_status":"","ping_status":"","sticky":false,"template":"","format":"standard","meta":{"footnotes":""},"categories":[9635],"tags":[1111,11,47539,14809,1777,674,1011,27,775,1702,12,25,479,517,45798],"class_list":{"0":"post-339401","1":"post","2":"type-post","3":"status-publish","4":"format-standard","5":"has-post-thumbnail","7":"category-nancy","8":"tag-actu","9":"tag-actualites","10":"tag-dole-bassin","11":"tag-edition-jura-nord","12":"tag-eu","13":"tag-europe","14":"tag-fr","15":"tag-france","16":"tag-grand-est","17":"tag-nancy","18":"tag-news","19":"tag-republique-francaise","20":"tag-rugby","21":"tag-sport","22":"tag-tavaux"},"share_on_mastodon":{"url":"https:\/\/pubeurope.com\/@fr\/115080435025112687","error":""},"_links":{"self":[{"href":"https:\/\/www.europesays.com\/fr\/wp-json\/wp\/v2\/posts\/339401","targetHints":{"allow":["GET"]}}],"collection":[{"href":"https:\/\/www.europesays.com\/fr\/wp-json\/wp\/v2\/posts"}],"about":[{"href":"https:\/\/www.europesays.com\/fr\/wp-json\/wp\/v2\/types\/post"}],"author":[{"embeddable":true,"href":"https:\/\/www.europesays.com\/fr\/wp-json\/wp\/v2\/users\/2"}],"replies":[{"embeddable":true,"href":"https:\/\/www.europesays.com\/fr\/wp-json\/wp\/v2\/comments?post=339401"}],"version-history":[{"count":0,"href":"https:\/\/www.europesays.com\/fr\/wp-json\/wp\/v2\/posts\/339401\/revisions"}],"wp:featuredmedia":[{"embeddable":true,"href":"https:\/\/www.europesays.com\/fr\/wp-json\/wp\/v2\/media\/339402"}],"wp:attachment":[{"href":"https:\/\/www.europesays.com\/fr\/wp-json\/wp\/v2\/media?parent=339401"}],"wp:term":[{"taxonomy":"category","embeddable":true,"href":"https:\/\/www.europesays.com\/fr\/wp-json\/wp\/v2\/categories?post=339401"},{"taxonomy":"post_tag","embeddable":true,"href":"https:\/\/www.europesays.com\/fr\/wp-json\/wp\/v2\/tags?post=339401"}],"curies":[{"name":"wp","href":"https:\/\/api.w.org\/{rel}","templated":true}]}}