{"id":339408,"date":"2025-08-23T22:38:00","date_gmt":"2025-08-23T22:38:00","guid":{"rendered":"https:\/\/www.europesays.com\/fr\/339408\/"},"modified":"2025-08-23T22:38:00","modified_gmt":"2025-08-23T22:38:00","slug":"lenfant-devient-handicape-apres-une-erreur-medicale-le-chu-de-rennes-condamne-a-verser-25-millions-deuros-a-la-famille","status":"publish","type":"post","link":"https:\/\/www.europesays.com\/fr\/339408\/","title":{"rendered":"L&rsquo;enfant devient handicap\u00e9 apr\u00e8s une erreur m\u00e9dicale, le CHU de Rennes condamn\u00e9 \u00e0 verser 2,5 millions d&rsquo;euros \u00e0 la famille"},"content":{"rendered":"<p class=\"article__intro\">Le tribunal administratif de Rennes a condamn\u00e9 le 13 juin 2025 le CHU de Rennes \u00e0 verser plus de 2,5 millions d&rsquo;euros \u00e0 des parents et \u00e0 un enfant tr\u00e8s s\u00e9v\u00e8rement handicap\u00e9 \u00e0 la suite d&rsquo;une erreur m\u00e9dicale \u00e0 sa naissance.<\/p>\n<p>\n      La Quotidienne Soci\u00e9t\u00e9\n    <\/p>\n<p>\n      De la vie quotidienne aux grands enjeux, recevez tous les jours les sujets qui font la soci\u00e9t\u00e9 locale, comme la justice, l\u2019\u00e9ducation, la sant\u00e9 et la famille.\n    <\/p>\n<p>    France T\u00e9l\u00e9visions utilise votre adresse e-mail afin de vous envoyer la newsletter \u00ab\u00a0La Quotidienne Soci\u00e9t\u00e9\u00a0\u00bb. Vous pouvez vous d\u00e9sinscrire \u00e0 tout moment via le lien en bas de cette newsletter. <a target=\"_blank\" href=\"https:\/\/www.francetelevisions.fr\/groupe\/confidentialite\/politique-de-confidentialite\/politique-de-confidentialite-de-france-televisions-6503\" rel=\"nofollow noopener\">Notre politique de confidentialit\u00e9<\/a><\/p>\n<p>\u00ab\u00a0Ce sont des dossiers qui sont assez rares, on a peu de dossiers comme \u00e7a avec des pr\u00e9judices aussi importants. Mais les accidents obst\u00e9tricaux, \u00e7a donne toujours des montants tr\u00e8s importants\u00a0\u00bb, indique Me Sophie Laceuk, l&rsquo;une des avocates de la famille d&rsquo;un enfant handicap\u00e9 \u00e0 la suite d&rsquo;une erreur m\u00e9dicale au CHU de Rennes.<\/p>\n<p>Le vendredi 13 juin, l&rsquo;\u00e9tablissement m\u00e9dical a \u00e9t\u00e9 condamn\u00e9 par le tribunal administratif de Rennes \u00e0 verser plus de 2,5 millions d&rsquo;euros aux parents de la victime. En plus de ce montant, des rentes \u00ab\u00a0lui seront vers\u00e9es de fa\u00e7on trimestrielle et annuelle tout au long de sa vie, pour le reste des pr\u00e9judices\u00a0\u00bb, a ajout\u00e9 Me Sophie Laceuk.<\/p>\n<p>Selon Me Laceuk, cette d\u00e9cision est un \u00ab\u00a0soulagement\u00a0\u00bb pour la famille de la victime alors qu&rsquo;elle devra d\u00e9bourser des \u00ab\u00a0d\u00e9penses cons\u00e9quentes\u00a0\u00bb pour l&rsquo;avenir de leur enfant.<\/p>\n<p>Le jeune homme, n\u00e9 en 1999 au CHU de Rennes, a \u00e9t\u00e9 victime de \u00ab\u00a0l\u00e9sions c\u00e9r\u00e9brales majeures\u00a0\u00bb en raison d&rsquo;une \u00ab\u00a0anoxie\u00a0\u00bb, un manque d&rsquo;oxyg\u00e8ne chez le nouveau-n\u00e9, ayant caus\u00e9 de \u00ab\u00a0tr\u00e8s graves s\u00e9quelles handicapantes corporelles et mentales\u00a0\u00bb, selon une d\u00e9cision que l&rsquo;AFP a pu consulter et <a target=\"_blank\" rel=\"noopener noreferrer nofollow\" href=\"https:\/\/www.letelegramme.fr\/ille-et-vilaine\/rennes-35000\/pourquoi-le-chu-de-rennes-a-ete-condamne-a-verser-plus-de-250-meur-aux-parents-dun-enfant-handicape-6838070.php\">r\u00e9v\u00e9l\u00e9e par le quotidien Le T\u00e9l\u00e9gramme.<\/a><\/p>\n<p>\u00ab\u00a0La c\u00e9sarienne a \u00e9t\u00e9 faite avec du retard, ce qui explique que l&rsquo;enfant est n\u00e9 avec une anoxie extr\u00eamement s\u00e9v\u00e8re et un handicap tr\u00e8s, tr\u00e8s, tr\u00e8s s\u00e9v\u00e8re\u00a0\u00bb, a pr\u00e9cis\u00e9 l&rsquo;avocate des victimes.<\/p>\n<p>Son d\u00e9ficit fonctionnel permanent a \u00e9t\u00e9 reconnu \u00e0 hauteur de 95%, selon le tribunal.<\/p>\n<p>La responsabilit\u00e9 enti\u00e8re du CHU de Rennes pour les \u00ab\u00a0cons\u00e9quences dommageables de cette anoxie p\u00e9rinatale\u00a0\u00bb avait \u00e9t\u00e9 reconnue en 2006 par le tribunal administratif.<\/p>\n<p>Quelques ann\u00e9es plus tard, lorsque la victime avait atteint sa majorit\u00e9, les parents ont demand\u00e9 une \u00ab\u00a0expertise aux fins d&rsquo;\u00e9valuer les s\u00e9quelles dont leur fils restait atteint et ses besoins d&rsquo;aide, d&rsquo;assistance et d&rsquo;am\u00e9nagement\u00a0\u00bb, d&rsquo;apr\u00e8s la m\u00eame source.<\/p>\n<p>Pour obtenir une indemnisation d\u00e9finitive, les parents ont d\u00fb attendre que l&rsquo;\u00e9tat de sant\u00e9 de l&rsquo;enfant soit stabilis\u00e9, g\u00e9n\u00e9ralement \u00ab\u00a0autour de 18 ans\u00a0\u00bb, a d\u00e9taill\u00e9 Me Laceuk.<\/p>\n<p>\u00ab\u00a0C&rsquo;est vraiment une lutte sur plusieurs ann\u00e9es\u00a0\u00bb, a-t-elle ajout\u00e9. \u00ab\u00a0Les parents \u00e9taient us\u00e9s par autant d&rsquo;ann\u00e9es de proc\u00e9dures et autant de sacrifices pour leur enfant\u00a0\u00bb.<\/p>\n","protected":false},"excerpt":{"rendered":"Le tribunal administratif de Rennes a condamn\u00e9 le 13 juin 2025 le CHU de Rennes \u00e0 verser plus&hellip;\n","protected":false},"author":2,"featured_media":339409,"comment_status":"","ping_status":"","sticky":false,"template":"","format":"standard","meta":{"footnotes":""},"categories":[2821],"tags":[1111,11,829,1777,674,1011,27,12,584,25],"class_list":{"0":"post-339408","1":"post","2":"type-post","3":"status-publish","4":"format-standard","5":"has-post-thumbnail","7":"category-rennes","8":"tag-actu","9":"tag-actualites","10":"tag-bretagne","11":"tag-eu","12":"tag-europe","13":"tag-fr","14":"tag-france","15":"tag-news","16":"tag-rennes","17":"tag-republique-francaise"},"share_on_mastodon":{"url":"https:\/\/pubeurope.com\/@fr\/115080482208398811","error":""},"_links":{"self":[{"href":"https:\/\/www.europesays.com\/fr\/wp-json\/wp\/v2\/posts\/339408","targetHints":{"allow":["GET"]}}],"collection":[{"href":"https:\/\/www.europesays.com\/fr\/wp-json\/wp\/v2\/posts"}],"about":[{"href":"https:\/\/www.europesays.com\/fr\/wp-json\/wp\/v2\/types\/post"}],"author":[{"embeddable":true,"href":"https:\/\/www.europesays.com\/fr\/wp-json\/wp\/v2\/users\/2"}],"replies":[{"embeddable":true,"href":"https:\/\/www.europesays.com\/fr\/wp-json\/wp\/v2\/comments?post=339408"}],"version-history":[{"count":0,"href":"https:\/\/www.europesays.com\/fr\/wp-json\/wp\/v2\/posts\/339408\/revisions"}],"wp:featuredmedia":[{"embeddable":true,"href":"https:\/\/www.europesays.com\/fr\/wp-json\/wp\/v2\/media\/339409"}],"wp:attachment":[{"href":"https:\/\/www.europesays.com\/fr\/wp-json\/wp\/v2\/media?parent=339408"}],"wp:term":[{"taxonomy":"category","embeddable":true,"href":"https:\/\/www.europesays.com\/fr\/wp-json\/wp\/v2\/categories?post=339408"},{"taxonomy":"post_tag","embeddable":true,"href":"https:\/\/www.europesays.com\/fr\/wp-json\/wp\/v2\/tags?post=339408"}],"curies":[{"name":"wp","href":"https:\/\/api.w.org\/{rel}","templated":true}]}}