{"id":339412,"date":"2025-08-23T22:40:52","date_gmt":"2025-08-23T22:40:52","guid":{"rendered":"https:\/\/www.europesays.com\/fr\/339412\/"},"modified":"2025-08-23T22:40:52","modified_gmt":"2025-08-23T22:40:52","slug":"timides-mesures-face-a-la-crise-du-logement-etudiant-a-strasbourg","status":"publish","type":"post","link":"https:\/\/www.europesays.com\/fr\/339412\/","title":{"rendered":"Timides mesures face \u00e0 la crise du logement \u00e9tudiant \u00e0 Strasbourg"},"content":{"rendered":"<p class=\"wp-block-post-excerpt__excerpt\">\u00c0 Strasbourg, des milliers d\u2019\u00e9tudiants peinent chaque ann\u00e9e \u00e0 se loger, concurrenc\u00e9s par l\u2019industrie touristique. La municipalit\u00e9 cofinance des logements \u00e9tudiants, tente de limiter la cr\u00e9ation de r\u00e9sidences secondaires et soutient quelques initiatives solidaires. <\/p>\n<p class=\"font-sans\">\n\t\t\tCet article est en acc\u00e8s libre. Pour soutenir Rue89 Strasbourg,<br \/>\n\t\t\t<a class=\"underline\" href=\"https:\/\/www.rue89strasbourg.com\/abonnement\" target=\"_blank\" rel=\"noopener\">abonnez-vous<\/a>.\n\t\t<\/p>\n<p>Camille Curnier<\/p>\n<p>Publi\u00e9 le 21 ao\u00fbt 2025\u00a0\u00a0\u00b7\u00a0\u00a0<\/p>\n<p>Imprim\u00e9 le 23 ao\u00fbt 2025 \u00e0 23h55\u00a0\u00a0\u00b7\u00a0\u00a0<\/p>\n<p>\t\t\t\t\t3\u00a0minutes\n<\/p>\n<p>Entre un mur d\u00e9cr\u00e9pit orange et des n\u00e9ons jaunes vacillants, Suzanne Brolly, adjointe \u00e0 la maire de Strasbourg, a pr\u00e9sent\u00e9 mercredi 20 ao\u00fbt lors d\u2019une conf\u00e9rence de presse, un projet de r\u00e9sidence \u00e9tudiante. Rue du G\u00e9n\u00e9ral-Picquart dans le quartier de l\u2019Esplanade, ce b\u00e2timent d\u00e9saffect\u00e9 doit \u00eatre transform\u00e9 d\u2019ici 2028 en 148 logements. <\/p>\n<p>La collectivit\u00e9 soutient en outre la cr\u00e9ation d\u2019une nouvelle r\u00e9sidence \u00e9tudiante de 500 places sur la place d\u2019Islande \u00e0 hauteur de 4 millions d\u2019euros. Entre 2022 et 2024, 265 nouveaux logements \u00e9tudiants ont \u00e9t\u00e9 agr\u00e9\u00e9s. <\/p>\n<p>Mais ces nouveaux \u00e9quipements ne r\u00e9soudront pas la crise qui se r\u00e9p\u00e8te chaque ann\u00e9e. <a href=\"https:\/\/www.rue89strasbourg.com\/pour-les-etudiants-precaires-a-strasbourg-une-course-au-logement-toujours-plus-angoissante-311191\" target=\"_blank\" rel=\"noopener\">Des milliers d\u2019\u00e9tudiants se retrouvent sans solution<\/a>, coinc\u00e9s entre une offre de logements insuffisante et des <a href=\"https:\/\/france3-regions.franceinfo.fr\/grand-est\/bas-rhin\/strasbourg-0\/strasbourg-est-dans-le-top-15-des-villes-les-plus-cheres-de-france-pour-les-etudiants-3204491.html\" target=\"_blank\" rel=\"noreferrer noopener\">loyers parmi les plus \u00e9lev\u00e9s du march\u00e9<\/a>. Suzanne Brolly reconna\u00eet que le logement \u00e9tudiant reste l\u2019un des \u00ab\u00a0chantiers sociaux majeurs\u00a0\u00bb de la municipalit\u00e9.<\/p>\n<p><a href=\"https:\/\/www.rue89strasbourg.com\/abonnement\/paiement?sub=3&amp;discount=ete2025\" target=\"_blank\" rel=\"noopener\"><img loading=\"lazy\" decoding=\"async\" width=\"970\" height=\"250\" src=\"https:\/\/www.europesays.com\/fr\/wp-content\/uploads\/2025\/07\/bannie\u0300re-site-desktop-anime\u0301e.gif\" alt=\"\" class=\"wp-image-350811\" style=\"width:792px;height:auto\"\/><\/a><\/p>\n<p><a href=\"https:\/\/www.rue89strasbourg.com\/abonnement\/paiement?sub=3&amp;discount=ete2025\" target=\"_blank\" rel=\"noopener\"><img loading=\"lazy\" decoding=\"async\" width=\"300\" height=\"300\" src=\"https:\/\/www.europesays.com\/fr\/wp-content\/uploads\/2025\/07\/bannie\u0300re-pub-mobile-anime\u0301e.gif\" alt=\"\" class=\"wp-image-350815\"\/><\/a><\/p>\n<p>Une hausse des \u00e9tudiants modestes<\/p>\n<p>\u00c0 la rentr\u00e9e 2023, pr\u00e8s de 68 000 \u00e9tudiants \u00e9taient inscrits \u00e0 Strasbourg, un chiffre en progression constante, 12 % depuis 2015. Mais l\u2019Observatoire territorial du logement \u00e9tudiant (OTLE), cr\u00e9\u00e9 par les agences d\u2019urbanisme de Strasbourg (Adeus) et Mulhouse (Afut), rappelle que 24% de ces \u00e9tudiants sont boursiers. S\u2019ajoute \u00e0 cela 20 %, d\u2019\u00e9tudiants internationaux, contre seulement 13 % en moyenne nationale, souvent plus expos\u00e9s \u00e0 la pr\u00e9carit\u00e9 et n\u2019ayant pas acc\u00e8s aux bourses de l\u2019\u00c9tat.<\/p>\n<p>Face \u00e0 cette demande croissante, Strasbourg ne dispose que de 11\u00a0600 places en r\u00e9sidences \u00e9tudiantes. Le reste des \u00e9tudiants doit se tourner vers le parc priv\u00e9, o\u00f9 \u00ab\u00a0il faut compter un loyer compris entre 600 et 800\u00a0euros par mois, voire davantage\u00a0\u00bb, d\u00e9taille l\u2019OTLE. En comparaison, un logement en r\u00e9sidence Crous commence autour de 400 euros pour les loyers les plus bas. \u00c0 la rentr\u00e9e 2023, 4\u202f748 logements ont \u00e9t\u00e9 lib\u00e9r\u00e9s, demand\u00e9s par plus de 10\u202f200 \u00e9tudiants\u2026 <\/p>\n<p>\t\tEncadrer les \u00ab\u00a0meubl\u00e9s touristiques\u00a0\u00bb<\/p>\n<p>\u00c0 Strasbourg, la municipalit\u00e9 cherche \u00e0 emp\u00eacher la prolif\u00e9ration des <a href=\"https:\/\/www.rue89strasbourg.com\/logement-etudiant-strasbourg-airbnb-galere-278416\" target=\"_blank\" rel=\"noopener\">logements transform\u00e9s en \u00ab\u00a0meubl\u00e9s touristiques\u00a0\u00bb, type Airbnb,<\/a> qui r\u00e9duisent l\u2019offre disponible pour les habitants et les \u00e9tudiants. Pour y parvenir, la Ville a modifi\u00e9 <a href=\"https:\/\/www.francebleu.fr\/infos\/economie-social\/strasbourg-renforce-l-encadrement-des-meubles-touristique-qu-est-ce-qui-change-1630757\" target=\"_blank\" rel=\"noreferrer noopener\">le r\u00e8glement municipal, pour notamment obliger les propri\u00e9taires \u00e0 proposer un logement pour tout meubl\u00e9 de tourisme cr\u00e9\u00e9<\/a>. Ensuite, l\u2019application de la loi Le Meur, vot\u00e9e en 2024, permet d\u2019emp\u00eacher la cr\u00e9ation de r\u00e9sidences secondaires dans certains secteurs. <\/p>\n<p>Cette d\u00e9cision r\u00e9pond aussi \u00e0 une situation paradoxale : \u00ab\u00a0Aujourd\u2019hui, \u00e0 Strasbourg, les plus petits logements co\u00fbtent parfois plus cher au m\u00e8tre carr\u00e9 que les grands, car ils sont pris\u00e9s par les propri\u00e9taires car plus rentables que les locations r\u00e9sidentielles\u00a0\u00bb, souligne Mathilde Huault, de l\u2019Observatoire du logement \u00e9tudiant.<\/p>\n<p>Suzanne Brolly de son c\u00f4t\u00e9, attend des mesures de l\u2019\u00c9tat\u00a0:<\/p>\n<blockquote class=\"wp-block-quote is-layout-flow wp-block-quote-is-layout-flow\">\n<p>\u00ab\u00a0Il faut qu\u2019il y ait un effort du c\u00f4t\u00e9 du minist\u00e8re de l\u2019\u00c9conomie et des Finances pour que la r\u00e8glementation fiscale ne favorise plus les meubl\u00e9s de tourisme au d\u00e9triment des logements.\u00a0\u00bb<\/p>\n<\/blockquote>\n<p>Des outils d\u2019aides et subventions<\/p>\n<p>Depuis 2021, plusieurs outils facilitent la recherche d\u2019un logement \u00e9tudiant \u00e0 Strasbourg. Sur le site <a href=\"https:\/\/www.strasbourgaimesesetudiants.eu\/\" target=\"_blank\" rel=\"noopener\">\u00ab\u00a0Strasbourg aime ses \u00e9tudiants\u00a0\u00bb<\/a>, une page recense des offres et oriente vers les aides existantes. <a href=\"https:\/\/odacit.3d.strasbourg.eu\/?open=enableODResidencesEtudiantes\" target=\"_blank\" rel=\"noopener\">Une carte<\/a> de l\u2019OTLE permet de localiser l\u2019ensemble des r\u00e9sidences \u00e9tudiantes de l\u2019Eurom\u00e9tropole. Le site de <a href=\"https:\/\/maison-habitat.strasbourg.eu\/\" target=\"_blank\" rel=\"noopener\">la Maison de l\u2019habitat<\/a> rassemble des informations pratiques et des conseils pour mieux s\u2019orienter dans le parcours locatif.<\/p>\n<p>La collectivit\u00e9 soutient des alternatives solidaires, 32 000\u20ac pour les \u00ab\u00a0colocs\u2019 solidaires Kaps\u00a0\u00bb, permettant \u00e0 des jeunes de vivre en colocation \u00e0 moindre co\u00fbt tout en s\u2019impliquant aupr\u00e8s des habitants des quartiers populaires, et 15 000\u20ac pour le dispositif d\u2019h\u00e9bergement d\u2019urgence de l\u2019Association des \u00e9tudiants de Strasbourg (Afges).<\/p>\n","protected":false},"excerpt":{"rendered":"\u00c0 Strasbourg, des milliers d\u2019\u00e9tudiants peinent chaque ann\u00e9e \u00e0 se loger, concurrenc\u00e9s par l\u2019industrie touristique. La municipalit\u00e9 cofinance&hellip;\n","protected":false},"author":2,"featured_media":339413,"comment_status":"","ping_status":"","sticky":false,"template":"","format":"standard","meta":{"footnotes":""},"categories":[2820],"tags":[1111,11,6379,1777,674,1011,27,775,1908,13976,12,25,640],"class_list":{"0":"post-339412","1":"post","2":"type-post","3":"status-publish","4":"format-standard","5":"has-post-thumbnail","7":"category-strasbourg","8":"tag-actu","9":"tag-actualites","10":"tag-etudiants","11":"tag-eu","12":"tag-europe","13":"tag-fr","14":"tag-france","15":"tag-grand-est","16":"tag-logement","17":"tag-municipalite","18":"tag-news","19":"tag-republique-francaise","20":"tag-strasbourg"},"share_on_mastodon":{"url":"https:\/\/pubeurope.com\/@fr\/115080494320008129","error":""},"_links":{"self":[{"href":"https:\/\/www.europesays.com\/fr\/wp-json\/wp\/v2\/posts\/339412","targetHints":{"allow":["GET"]}}],"collection":[{"href":"https:\/\/www.europesays.com\/fr\/wp-json\/wp\/v2\/posts"}],"about":[{"href":"https:\/\/www.europesays.com\/fr\/wp-json\/wp\/v2\/types\/post"}],"author":[{"embeddable":true,"href":"https:\/\/www.europesays.com\/fr\/wp-json\/wp\/v2\/users\/2"}],"replies":[{"embeddable":true,"href":"https:\/\/www.europesays.com\/fr\/wp-json\/wp\/v2\/comments?post=339412"}],"version-history":[{"count":0,"href":"https:\/\/www.europesays.com\/fr\/wp-json\/wp\/v2\/posts\/339412\/revisions"}],"wp:featuredmedia":[{"embeddable":true,"href":"https:\/\/www.europesays.com\/fr\/wp-json\/wp\/v2\/media\/339413"}],"wp:attachment":[{"href":"https:\/\/www.europesays.com\/fr\/wp-json\/wp\/v2\/media?parent=339412"}],"wp:term":[{"taxonomy":"category","embeddable":true,"href":"https:\/\/www.europesays.com\/fr\/wp-json\/wp\/v2\/categories?post=339412"},{"taxonomy":"post_tag","embeddable":true,"href":"https:\/\/www.europesays.com\/fr\/wp-json\/wp\/v2\/tags?post=339412"}],"curies":[{"name":"wp","href":"https:\/\/api.w.org\/{rel}","templated":true}]}}