{"id":339415,"date":"2025-08-23T22:42:18","date_gmt":"2025-08-23T22:42:18","guid":{"rendered":"https:\/\/www.europesays.com\/fr\/339415\/"},"modified":"2025-08-23T22:42:18","modified_gmt":"2025-08-23T22:42:18","slug":"vigilance-orage-fermeture-des-parcs-et-jardins-a-nice-ce-mercredi-20-aout-nice","status":"publish","type":"post","link":"https:\/\/www.europesays.com\/fr\/339415\/","title":{"rendered":"Vigilance orage : fermeture des parcs et jardins \u00e0 Nice ce mercredi 20 ao\u00fbt &#8211; Nice"},"content":{"rendered":"<p class=\"encadrearticle\">Mise \u00e0 jour 20\/8 16h25 :\u00a0L\u2019\u00e9pisode orageux \u00e9tant termin\u00e9 sur le p\u00e9rim\u00e8tre de la ville de Nice, les parcs, jardins, et le sentier du littoral, r\u00e9ouvrent progressivement apr\u00e8s leur inspection.<\/p>\n<p>&#13;<\/p>\n<p data-start=\"385\" data-end=\"767\">La pr\u00e9fecture des Alpes-Maritimes a plac\u00e9 le d\u00e9partement en vigilance jaune orage ce mercredi. En application de son protocole de s\u00e9curit\u00e9, la municipalit\u00e9 de Nice a pris la d\u00e9cision de <strong>fermer temporairement ses espaces verts et sites naturels les plus expos\u00e9s.<\/strong> Une mesure pr\u00e9ventive destin\u00e9e \u00e0 prot\u00e9ger promeneurs et familles en cas de ph\u00e9nom\u00e8ne m\u00e9t\u00e9o soudain.<\/p>\n<p>&#13;<br \/>\nDes sites ferm\u00e9s par pr\u00e9caution&#13;<\/p>\n<p data-start=\"811\" data-end=\"1138\">Tous les <strong data-start=\"820\" data-end=\"848\">parcs et jardins publics<\/strong> de la ville sont concern\u00e9s par cette fermeture exceptionnelle, de m\u00eame que le <strong data-start=\"927\" data-end=\"950\">sentier du littoral<\/strong>, tr\u00e8s fr\u00e9quent\u00e9 en \u00e9t\u00e9. La mairie rappelle que les \u00e9pisodes orageux peuvent s\u2019accompagner de <strong>fortes rafales de vent, de chutes de branches ou encore de glissements de terrain localis\u00e9s<\/strong>.<\/p>\n<p>&#13;<br \/>\nUne mesure temporaire&#13;<\/p>\n<p data-start=\"1172\" data-end=\"1379\">La fermeture est effective toute la journ\u00e9e du mercredi 20 ao\u00fbt. <strong>La r\u00e9ouverture des sites sera conditionn\u00e9e \u00e0 l\u2019am\u00e9lioration des conditions m\u00e9t\u00e9o et<\/strong> \u00e0 une lev\u00e9e officielle de la vigilance par M\u00e9t\u00e9o-France.<\/p>\n<p>&#13;<br \/>\nConseils aux habitants et visiteurs&#13;<\/p>\n<p data-start=\"1429\" data-end=\"1511\">\u00c9viter de se promener dans les espaces bois\u00e9s ou en bord de mer durant l\u2019alerte.<\/p>\n<p>&#13;<\/p>\n<p data-start=\"1514\" data-end=\"1628\">Se tenir inform\u00e9 de l\u2019\u00e9volution de la situation via les canaux officiels (site de M\u00e9t\u00e9o-France, mairie de Nice).<\/p>\n<p>&#13;<\/p>\n<p data-start=\"1631\" data-end=\"1704\">Reporter les activit\u00e9s de plein air pr\u00e9vues dans les espaces concern\u00e9s.<\/p>\n","protected":false},"excerpt":{"rendered":"Mise \u00e0 jour 20\/8 16h25 :\u00a0L\u2019\u00e9pisode orageux \u00e9tant termin\u00e9 sur le p\u00e9rim\u00e8tre de la ville de Nice, les&hellip;\n","protected":false},"author":2,"featured_media":339416,"comment_status":"","ping_status":"","sticky":false,"template":"","format":"standard","meta":{"footnotes":""},"categories":[2819],"tags":[1111,11,1777,674,1011,27,12,2401,882,25],"class_list":{"0":"post-339415","1":"post","2":"type-post","3":"status-publish","4":"format-standard","5":"has-post-thumbnail","7":"category-nice","8":"tag-actu","9":"tag-actualites","10":"tag-eu","11":"tag-europe","12":"tag-fr","13":"tag-france","14":"tag-news","15":"tag-nice","16":"tag-provence-alpes-cote-dazur","17":"tag-republique-francaise"},"share_on_mastodon":{"url":"https:\/\/pubeurope.com\/@fr\/115080497913099543","error":""},"_links":{"self":[{"href":"https:\/\/www.europesays.com\/fr\/wp-json\/wp\/v2\/posts\/339415","targetHints":{"allow":["GET"]}}],"collection":[{"href":"https:\/\/www.europesays.com\/fr\/wp-json\/wp\/v2\/posts"}],"about":[{"href":"https:\/\/www.europesays.com\/fr\/wp-json\/wp\/v2\/types\/post"}],"author":[{"embeddable":true,"href":"https:\/\/www.europesays.com\/fr\/wp-json\/wp\/v2\/users\/2"}],"replies":[{"embeddable":true,"href":"https:\/\/www.europesays.com\/fr\/wp-json\/wp\/v2\/comments?post=339415"}],"version-history":[{"count":0,"href":"https:\/\/www.europesays.com\/fr\/wp-json\/wp\/v2\/posts\/339415\/revisions"}],"wp:featuredmedia":[{"embeddable":true,"href":"https:\/\/www.europesays.com\/fr\/wp-json\/wp\/v2\/media\/339416"}],"wp:attachment":[{"href":"https:\/\/www.europesays.com\/fr\/wp-json\/wp\/v2\/media?parent=339415"}],"wp:term":[{"taxonomy":"category","embeddable":true,"href":"https:\/\/www.europesays.com\/fr\/wp-json\/wp\/v2\/categories?post=339415"},{"taxonomy":"post_tag","embeddable":true,"href":"https:\/\/www.europesays.com\/fr\/wp-json\/wp\/v2\/tags?post=339415"}],"curies":[{"name":"wp","href":"https:\/\/api.w.org\/{rel}","templated":true}]}}