{"id":339417,"date":"2025-08-23T22:43:20","date_gmt":"2025-08-23T22:43:20","guid":{"rendered":"https:\/\/www.europesays.com\/fr\/339417\/"},"modified":"2025-08-23T22:43:20","modified_gmt":"2025-08-23T22:43:20","slug":"une-victoire-qui-fait-du-bien-a-nice-reconnait-haise-apres-le-succes-contre-auxerre","status":"publish","type":"post","link":"https:\/\/www.europesays.com\/fr\/339417\/","title":{"rendered":"\u00abUne victoire qui fait du bien\u00bb \u00e0 Nice, reconna\u00eet Haise apr\u00e8s le succ\u00e8s contre Auxerre"},"content":{"rendered":"<p>Apr\u00e8s trois d\u00e9faites de rang, les Aiglons ont renou\u00e9 avec la victoire ce samedi face \u00e0 l\u2019AJA (3-1), \u00e0 l\u2019occasion de la 2e journ\u00e9e de L1.<\/p>\n<p class=\"fig-paragraph\">\u00abC&rsquo;est une victoire qui fait du bien\u00bb, a indiqu\u00e9 l&rsquo;entra\u00eeneur de Nice\u00a0<a href=\"http:\/\/www.lefigaro.fr\/sports\/football\/ligue-1\/ligue-1-nice-n-est-pas-au-mieux-reconnait-l-entraineur-franck-haise-20250817\" data-fig-type=\"NewsFlash\" data-gtm-custom-categorie=\"navigation\" data-gtm-custom-action=\"crossclick\" data-gtm-custom-label=\"Contextuel\" data-gtm-event=\"customEventSPE\" data-fig-domain=\"LEFIGARO\" target=\"_blank\" rel=\"noopener\">Franck Haise<\/a>,\u00a0<a href=\"http:\/\/www.lefigaro.fr\/sports\/football\/ligue-1\/ligue-1-nice-lance-enfin-sa-saison-en-s-imposant-contre-auxerre-20250823\" data-fig-type=\"NewsFlash\" data-gtm-custom-categorie=\"navigation\" data-gtm-custom-action=\"crossclick\" data-gtm-custom-label=\"Contextuel\" data-gtm-event=\"customEventSPE\" data-fig-domain=\"LEFIGARO\" target=\"_blank\" rel=\"noopener\">apr\u00e8s avoir battu Auxerre (3-1)<\/a>, samedi soir lors de la 2e journ\u00e9e de L1. \u00abL&rsquo;\u00e9quipe de d\u00e9part est en construction\u00bb, a-t-il indiqu\u00e9 pointant \u00absix nouveaux joueurs\u00bb titulaires, dont \u00abdeux qui faisaient leurs d\u00e9buts\u00bb (Carlos et Abdul Samed, NDLR), ainsi que \u00abtrois centraux avec 19 ans de moyenne d&rsquo;\u00e2ge\u00bb.<\/p>\n<p class=\"fig-paragraph\">\u00ab\u00c9videmment, il y a plein d&rsquo;imperfections, a-t-il reconnu. Mais je trouve beaucoup plus d&rsquo;\u00e9nergie et finalement, plus de positif. En attendant de r\u00e9cup\u00e9rer plus de densit\u00e9, de profondeur dans l&rsquo;effectif (en raison de huit bless\u00e9s, NDLR), ceux qui ont jou\u00e9 et qui sont entr\u00e9s ont plut\u00f4t fait de bonnes choses. Il faut s&rsquo;appuyer dessus, m\u00eame si on a encore beaucoup de travail.\u00bb<\/p>\n<p>                                    <a class=\"fig-a11y-skip a11y-hidden\" href=\"#fig-a11y-skip-main-inarticle\"><br \/>\n        Passer la publicit\u00e9<br \/>\n    <\/a><\/p>\n<p class=\"fig-paragraph\">Pour lui, \u00able d\u00e9but de match est un bon signal\u00bb. Nice a marqu\u00e9 d&rsquo;entr\u00e9e par J\u00e9r\u00e9mie Boga, qui \u00aben forme, postule \u00e0 une place de titulaire\u00bb. Dans cette p\u00e9riode de mercato, Haise a \u00e9galement aim\u00e9 la prestation de Rosario qu&rsquo;il \u00abesp\u00e8re garder\u00bb. \u00abLes deux (Boga et Rosario, NDLR) sont dans le projet\u00bb, a-t-il assur\u00e9. C\u00f4t\u00e9 auxerrois, le meilleur joueur a \u00e9t\u00e9 Lassine Sinayoko, auteur de son deuxi\u00e8me but de la saison et sollicit\u00e9 par Nice et Lens.<\/p>\n<p class=\"fig-paragraph\">\u00abPour le moment, je ne le regrette pas parce qu&rsquo;il est avec nous, a insist\u00e9 Christophe P\u00e9lissier. J&rsquo;ai eu une discussion avec lui. Il n&rsquo;y avait aucun doute quant \u00e0 sa participation. Le club sait que je veux absolument le garder. Il a ma confiance. On va voir dans les jours prochains.\u00bb<\/p>\n<p class=\"fig-paragraph\">En revanche, P\u00e9lissier a avou\u00e9 sa d\u00e9ception concernant la d\u00e9faite. \u00abLe sc\u00e9nario, o\u00f9 les attaques ont pris le pas sur les d\u00e9fenses, me rend amer, a-t-il dit. on a deux \u00e9normes situations. Puis ils marquent et il y a l&rsquo;expulsion (&#8230;). Mais si on continue comme \u00e7a, un peu plus concentr\u00e9 et solide d\u00e9fensivement, \u00e7a appelle des soirs meilleurs.\u00bb<\/p>\n","protected":false},"excerpt":{"rendered":"Apr\u00e8s trois d\u00e9faites de rang, les Aiglons ont renou\u00e9 avec la victoire ce samedi face \u00e0 l\u2019AJA (3-1),&hellip;\n","protected":false},"author":2,"featured_media":339418,"comment_status":"","ping_status":"","sticky":false,"template":"","format":"standard","meta":{"footnotes":""},"categories":[2819],"tags":[1111,11,4428,1777,674,1011,27,3308,12,2401,2268,882,25],"class_list":{"0":"post-339417","1":"post","2":"type-post","3":"status-publish","4":"format-standard","5":"has-post-thumbnail","7":"category-nice","8":"tag-actu","9":"tag-actualites","10":"tag-aj-auxerre","11":"tag-eu","12":"tag-europe","13":"tag-fr","14":"tag-france","15":"tag-franck-haise","16":"tag-news","17":"tag-nice","18":"tag-ogc-nice","19":"tag-provence-alpes-cote-dazur","20":"tag-republique-francaise"},"share_on_mastodon":{"url":"https:\/\/pubeurope.com\/@fr\/115080501889688339","error":""},"_links":{"self":[{"href":"https:\/\/www.europesays.com\/fr\/wp-json\/wp\/v2\/posts\/339417","targetHints":{"allow":["GET"]}}],"collection":[{"href":"https:\/\/www.europesays.com\/fr\/wp-json\/wp\/v2\/posts"}],"about":[{"href":"https:\/\/www.europesays.com\/fr\/wp-json\/wp\/v2\/types\/post"}],"author":[{"embeddable":true,"href":"https:\/\/www.europesays.com\/fr\/wp-json\/wp\/v2\/users\/2"}],"replies":[{"embeddable":true,"href":"https:\/\/www.europesays.com\/fr\/wp-json\/wp\/v2\/comments?post=339417"}],"version-history":[{"count":0,"href":"https:\/\/www.europesays.com\/fr\/wp-json\/wp\/v2\/posts\/339417\/revisions"}],"wp:featuredmedia":[{"embeddable":true,"href":"https:\/\/www.europesays.com\/fr\/wp-json\/wp\/v2\/media\/339418"}],"wp:attachment":[{"href":"https:\/\/www.europesays.com\/fr\/wp-json\/wp\/v2\/media?parent=339417"}],"wp:term":[{"taxonomy":"category","embeddable":true,"href":"https:\/\/www.europesays.com\/fr\/wp-json\/wp\/v2\/categories?post=339417"},{"taxonomy":"post_tag","embeddable":true,"href":"https:\/\/www.europesays.com\/fr\/wp-json\/wp\/v2\/tags?post=339417"}],"curies":[{"name":"wp","href":"https:\/\/api.w.org\/{rel}","templated":true}]}}