{"id":339419,"date":"2025-08-23T22:44:14","date_gmt":"2025-08-23T22:44:14","guid":{"rendered":"https:\/\/www.europesays.com\/fr\/339419\/"},"modified":"2025-08-23T22:44:14","modified_gmt":"2025-08-23T22:44:14","slug":"terrain-daccueil-pour-familles-roms-au-quartier-doulon-a-nantes-la-contestation-sorganise-maville-nantes","status":"publish","type":"post","link":"https:\/\/www.europesays.com\/fr\/339419\/","title":{"rendered":"Terrain d\u2019accueil pour familles Roms au quartier Doulon \u00e0 Nantes : la contestation s\u2019organise &#8211; Maville Nantes"},"content":{"rendered":"<ol>\n<li><a href=\"https:\/\/news.google.com\/rss\/articles\/CBMi9AFBVV95cUxPNGVwSVBPOVlxZVZXQlcxMFJZYTJFaUR3SVJxOUFPd1RvN05oMzlFY2tkQ0p5VkpRYzBTR2c0WF9xYXd2WnpfUzdydE9HeVJYMTJ3TlR3UTBOLXVuc0JvcVRhYkdvMHczLTdtMDl6REJmRXByNFlZUERJUldPcmVMSGZDSzJBTEphaTVxeDVFS0hPZzVTUzc2QmljUUFUeUN4Y1F4VVpwQkYxTWJObmE5VVJIYllEQ0diRVNCX1pvbWFVQXdWbF9ET192YTBsR3FsWHRDWnZXNGtuZVpKZEFFekxFeHhuZkhwVFlwOUlhLVBrVzVS?oc=5\" target=\"_blank\" rel=\"noopener\">Terrain d\u2019accueil pour familles Roms au quartier Doulon \u00e0 Nantes : la contestation s\u2019organise<\/a>&nbsp;&nbsp;Maville Nantes<\/li>\n<li><a href=\"https:\/\/news.google.com\/rss\/articles\/CBMizwFBVV95cUxPTFE5Y3JfS3BLakhTdmR0cnBjLXdhUGY1bFp6NlpSenM5enQtRmlvQjhLWTNwUTVYQi1Za2RtQjk1dS10WDhZZk9sZDN2Tm91Z2VWd0VuQVhoa3JEejhTSDVMQ3lGYmgwQm5lV2tjV1VfWW4wZXM5OWkyTlV5bFdPMGFqTGRfd1ZSZ1Q2QnJzVHkwMGlJbkVvWkVrUnhlRkRfS1Q1QXBMMTRwY2dVTVNldWJXQWRLUjJRWlhESThteWdBWXVtV0UzM1RmMkJ1djA?oc=5\" target=\"_blank\" rel=\"noopener\">Nantes : quel sc\u00e9nario pour le d\u00e9m\u00e9nagement des Roms dans le quartier Doulon ?<\/a>&nbsp;&nbsp;Actu.fr<\/li>\n<li><a href=\"https:\/\/news.google.com\/rss\/articles\/CBMi5wFBVV95cUxQSHlYNVBxanowV1Z0bl84S0hEci1maWdHdXVscV85RHRuQnhCNURraHBfMlpZa1BXaUYtaTZVWF9Dd2xqWkpLR0NYcVBHN3p0YlVMcFhlek1rdUJpSG5Nd3hVRXJHVVgtbThuSjJ2YzZDcGhsR01KdkVNaUJiZHJmYWEzR3k0OC1GbC1Cczh3UTU1UW1sWGxtRG5vZjhSVkM4T2lfU3pqT2lQYmJmd1c5NGhDUTBvLWRpNkVwSTBFQm1STmhZSDJoZ3dHQ1RxWlk2YWpYTWpSSExyWEhuaG1sOXdoMkNUVFU?oc=5\" target=\"_blank\" rel=\"noopener\">\u00ab On ne veut pas qu\u2019ils viennent \u00bb: les habitants en col\u00e8re face \u00e0 l\u2019accueil de Roms \u00e0 Nantes<\/a>&nbsp;&nbsp;Maville Nantes<\/li>\n<li><a href=\"https:\/\/news.google.com\/rss\/articles\/CBMiiwJBVV95cUxPSnlGMGZtck1DUEhhdkVhSmt1R1F1UXJQTU1wSGRRWXY0QWpqSHN3VHFFUkpDNHZlRUV5Ti1ISlZ0MTF6c0NHNnBad3YtbnNtMGxkQTRWd0hPRHpjR3BzTlRXNzU2bnRZVHFHWWp2OEJOVXh2T2VtWnZFUnpOUXJvLUk0RFBZeXhYbGNEelZsaDNjVlkxQXU0RUhMMmdwVV9uYTAzZnVMYmxpU0xBemhBa0VlUXlBNXd3Z2ZUT2RzUTNTN3hVbUM3d3hqNzFnMi00R1ZUZGtIdEJraU1VaDdPZnlleldib2ZJN181M2tZdGdlVkh1VzUwXzdmbFh2UE82eUlabzFsNlRNblU?oc=5\" target=\"_blank\" rel=\"noopener\">Expuls\u00e9s de la Colini\u00e8re, ces voyageurs sont en qu\u00eate d\u2019une situation p\u00e9renne \u00e0 Nantes<\/a>&nbsp;&nbsp;Ouest-France<\/li>\n<\/ol>\n","protected":false},"excerpt":{"rendered":"Terrain d\u2019accueil pour familles Roms au quartier Doulon \u00e0 Nantes : la contestation s\u2019organise&nbsp;&nbsp;Maville Nantes Nantes : quel&hellip;\n","protected":false},"author":2,"featured_media":339420,"comment_status":"","ping_status":"","sticky":false,"template":"","format":"standard","meta":{"footnotes":""},"categories":[2818],"tags":[14073,1111,11,47540,30124,1777,674,11265,1011,27,766,12,9271,2636,5775,25,21088,3945],"class_list":{"0":"post-339419","1":"post","2":"type-post","3":"status-publish","4":"format-standard","5":"has-post-thumbnail","7":"category-nantes","8":"tag-accueil","9":"tag-actu","10":"tag-actualites","11":"tag-contestation","12":"tag-doulon","13":"tag-eu","14":"tag-europe","15":"tag-familles","16":"tag-fr","17":"tag-france","18":"tag-nantes","19":"tag-news","20":"tag-organise","21":"tag-pays-de-la-loire","22":"tag-quartier","23":"tag-republique-francaise","24":"tag-roms","25":"tag-terrain"},"share_on_mastodon":{"url":"https:\/\/pubeurope.com\/@fr\/115080505831964481","error":""},"_links":{"self":[{"href":"https:\/\/www.europesays.com\/fr\/wp-json\/wp\/v2\/posts\/339419","targetHints":{"allow":["GET"]}}],"collection":[{"href":"https:\/\/www.europesays.com\/fr\/wp-json\/wp\/v2\/posts"}],"about":[{"href":"https:\/\/www.europesays.com\/fr\/wp-json\/wp\/v2\/types\/post"}],"author":[{"embeddable":true,"href":"https:\/\/www.europesays.com\/fr\/wp-json\/wp\/v2\/users\/2"}],"replies":[{"embeddable":true,"href":"https:\/\/www.europesays.com\/fr\/wp-json\/wp\/v2\/comments?post=339419"}],"version-history":[{"count":0,"href":"https:\/\/www.europesays.com\/fr\/wp-json\/wp\/v2\/posts\/339419\/revisions"}],"wp:featuredmedia":[{"embeddable":true,"href":"https:\/\/www.europesays.com\/fr\/wp-json\/wp\/v2\/media\/339420"}],"wp:attachment":[{"href":"https:\/\/www.europesays.com\/fr\/wp-json\/wp\/v2\/media?parent=339419"}],"wp:term":[{"taxonomy":"category","embeddable":true,"href":"https:\/\/www.europesays.com\/fr\/wp-json\/wp\/v2\/categories?post=339419"},{"taxonomy":"post_tag","embeddable":true,"href":"https:\/\/www.europesays.com\/fr\/wp-json\/wp\/v2\/tags?post=339419"}],"curies":[{"name":"wp","href":"https:\/\/api.w.org\/{rel}","templated":true}]}}