{"id":339421,"date":"2025-08-23T22:45:15","date_gmt":"2025-08-23T22:45:15","guid":{"rendered":"https:\/\/www.europesays.com\/fr\/339421\/"},"modified":"2025-08-23T22:45:15","modified_gmt":"2025-08-23T22:45:15","slug":"2025-2026-rcs-nantes-avant-match","status":"publish","type":"post","link":"https:\/\/www.europesays.com\/fr\/339421\/","title":{"rendered":"[2025-2026] RCS &#8211; Nantes | Avant match"},"content":{"rendered":"<blockquote class=\"st-bb-blockquote\" cite=\"1927896\"><p>superdou a \u00e9crit, le <a href=\"http:\/\/racingstub.com\/forum\/comment\/1927896#c1927896\" target=\"_blank\" rel=\"noopener\">23\/08\/2025 11:40<\/a> :Du coup, je retente une compo pour ce match :<br \/>&#13;<br \/>\n<img decoding=\"async\" src=\"https:\/\/www.europesays.com\/fr\/wp-content\/uploads\/2025\/08\/team\" alt=\"Equipe\"\/><\/p><\/blockquote>\n<p>Penders \u00e9tant quasi r\u00e9tabli, je vois plutot Kalle assurer la continuit\u00e9 dans nos cages. Idem pour la triplette de DC o\u00f9 seul Sarr enchainera sont 3e matchs en 8 jours. Par contre, je vois mal SamuelsSmith d\u00e9buter ce match notamment \u00e0 cause de son profil qui semble assez \u00e9loign\u00e9 de celui d&rsquo;un piston qui doit pouvoir se muer en ailier.<br \/>&#13;<br \/>\nSe pose \u00e9videmment aussi la question du syst\u00e8me d\u00e9fensif : Rosenior va-t-il s&rsquo;incrire dans la continuit\u00e9 du dernier match et de la fin du match \u00e0 Metz avec une sentinelle quasi \u00ab\u00a0int\u00e9gr\u00e9e\u00a0\u00bb \u00e0 la ligne de 3 DC ? Ou LR va-t-il revenir \u00e0 son syst\u00e8me dissym\u00e9trique \u00e0 double pivot ?<br \/>&#13;<br \/>\nEt puis surtout, est-ce que le coach anglais va continuer de titulariser 2 avant-centres plut\u00f4t que de revenir \u00e0 l&rsquo;option de la pointe unique qui \u00e9tait son cr\u00e9do tout au long de la saison pass\u00e9e ?<\/p>\n<p>Des questions qui se posent dans le contexte tr\u00e8s particulier de ce tout d\u00e9but de saison o\u00f9 l&rsquo;\u00e9quipe enchaine 5 matchs en 2 semaines. Apr\u00e8s le nul de jeudi en match de qualification pour la coupe d&rsquo;Europe, il me semble assez \u00e9vident que LR se doit de pr\u00e9server autant que possible ses meilleures ressources pour le match crucial de jeudi prochain. <\/p>\n<p>Mais \u00e7a ne veut pas dire que le coach du Racing peut se permettre de galvauder le match de demain. Bien au contraire : une contre performance \u00e0 la Meinau contre Nantes pourrait avoir des cons\u00e9quences graves sur le moral et la s\u00e9r\u00e9nit\u00e9 de ses joueurs. Il faut aller au Danemark avec des certitudes, et surtout pas avec des doutes plein la t\u00eate&#8230;.<\/p>\n<p>Il est donc particul\u00e8rement complexe de deviner quelle sera les composition et organisation de l&rsquo;\u00e9quipe qui affrontera Nantes demain apr\u00e8s-midi. Le coach devra tr\u00e8s certainement miser sur la continuit\u00e9 de 2 premiers matchs, mais sans risquer d&rsquo;\u00e9puiser ou de blesser les joueurs sur lesquels il faudra compter jeudi prochain. Il va falloir aussi tenter d&rsquo;int\u00e9grer des nouvelles recrues et surtout remettre en route des joueurs de retour de blessure.<br \/>&#13;<br \/>\nM\u00eame si ce n&rsquo;est pas dans ses habitudes, Rosenior ne va-t-il \u00eatre amen\u00e9 \u00e0 tirer parti de ses 5 possibilit\u00e9s de remplacements pour g\u00e8rer au mieux  les efforts demand\u00e9s aux uns et aux autres ?<\/p>\n<p>Pour commencer :<\/p>\n<p><img decoding=\"async\" src=\"https:\/\/www.europesays.com\/fr\/wp-content\/uploads\/2025\/08\/1755989115_135_team\" alt=\"Equipe\"\/><\/p>\n<p>Pour finir (en partant de principe que nous devrons faire le jeu) :<\/p>\n<p><img decoding=\"async\" src=\"https:\/\/www.europesays.com\/fr\/wp-content\/uploads\/2025\/08\/1755989115_923_team\" alt=\"Equipe\"\/><\/p>\n<p>Les jeunes Paez et ElMourabet devront donc parvenir \u00e0 bien g\u00e9rer leurs efforts pour \u00eatre efficace durant au moins 90 mn&#8230;<br \/>&#13;<br \/>\nCette formule pemettrait THEORIQUEMENT \ud83d\ude09 de s&rsquo;inscrire dans une continuit\u00e9 sans \u00e9puiser les ressources n\u00e9cessaires pour jeudi. Et aussi de e remettre en selle Moreira, \ud83d\ude42\n    <\/p>\n","protected":false},"excerpt":{"rendered":"superdou a \u00e9crit, le 23\/08\/2025 11:40 :Du coup, je retente une compo pour ce match :&#13; Penders \u00e9tant&hellip;\n","protected":false},"author":2,"featured_media":339422,"comment_status":"","ping_status":"","sticky":false,"template":"","format":"standard","meta":{"footnotes":""},"categories":[2818],"tags":[1111,11,722,4371,16745,1777,674,63,1011,27,1922,6417,766,12,2636,2189,1821,2311,8708,47541,47543,47544,4448,739,47542,25,2896,47549,640,47545,47546,47547,47548,10221,2955],"class_list":{"0":"post-339421","1":"post","2":"type-post","3":"status-publish","4":"format-standard","5":"has-post-thumbnail","7":"category-nantes","8":"tag-actu","9":"tag-actualites","10":"tag-blog","11":"tag-communaute","12":"tag-covoiturage","13":"tag-eu","14":"tag-europe","15":"tag-football","16":"tag-fr","17":"tag-france","18":"tag-info","19":"tag-information","20":"tag-nantes","21":"tag-news","22":"tag-pays-de-la-loire","23":"tag-photos","24":"tag-pronostics","25":"tag-racing","26":"tag-racing-club-de-strasbourg","27":"tag-racing-club-strasbourg","28":"tag-racing-strasbourg","29":"tag-racingstub","30":"tag-rc-strasbourg","31":"tag-rcs","32":"tag-rcstrasbourg","33":"tag-republique-francaise","34":"tag-stade-de-la-meinau","35":"tag-stade-meinau","36":"tag-strasbourg","37":"tag-stub","38":"tag-stubiste","39":"tag-stubistes","40":"tag-stublog","41":"tag-supporters","42":"tag-videos"},"share_on_mastodon":{"url":"https:\/\/pubeurope.com\/@fr\/115080509818237593","error":""},"_links":{"self":[{"href":"https:\/\/www.europesays.com\/fr\/wp-json\/wp\/v2\/posts\/339421","targetHints":{"allow":["GET"]}}],"collection":[{"href":"https:\/\/www.europesays.com\/fr\/wp-json\/wp\/v2\/posts"}],"about":[{"href":"https:\/\/www.europesays.com\/fr\/wp-json\/wp\/v2\/types\/post"}],"author":[{"embeddable":true,"href":"https:\/\/www.europesays.com\/fr\/wp-json\/wp\/v2\/users\/2"}],"replies":[{"embeddable":true,"href":"https:\/\/www.europesays.com\/fr\/wp-json\/wp\/v2\/comments?post=339421"}],"version-history":[{"count":0,"href":"https:\/\/www.europesays.com\/fr\/wp-json\/wp\/v2\/posts\/339421\/revisions"}],"wp:featuredmedia":[{"embeddable":true,"href":"https:\/\/www.europesays.com\/fr\/wp-json\/wp\/v2\/media\/339422"}],"wp:attachment":[{"href":"https:\/\/www.europesays.com\/fr\/wp-json\/wp\/v2\/media?parent=339421"}],"wp:term":[{"taxonomy":"category","embeddable":true,"href":"https:\/\/www.europesays.com\/fr\/wp-json\/wp\/v2\/categories?post=339421"},{"taxonomy":"post_tag","embeddable":true,"href":"https:\/\/www.europesays.com\/fr\/wp-json\/wp\/v2\/tags?post=339421"}],"curies":[{"name":"wp","href":"https:\/\/api.w.org\/{rel}","templated":true}]}}