{"id":339423,"date":"2025-08-23T22:47:15","date_gmt":"2025-08-23T22:47:15","guid":{"rendered":"https:\/\/www.europesays.com\/fr\/339423\/"},"modified":"2025-08-23T22:47:15","modified_gmt":"2025-08-23T22:47:15","slug":"girondins-de-bordeaux-granville-0-1-les-coups-de-pied-arretes-un-vrai-casse-tete","status":"publish","type":"post","link":"https:\/\/www.europesays.com\/fr\/339423\/","title":{"rendered":"Girondins de Bordeaux &#8211; Granville (0-1). Les coups de pied arr\u00eat\u00e9s, un vrai casse-t\u00eate"},"content":{"rendered":"<p>Lorsqu\u2019on a vu le gardien des Girondins Jan Hoekstra et son double-m\u00e8tre monter sur un corner d\u00e8s la 89e minute, ce samedi face \u00e0 Granville (0-1), on s\u2019est dit que c\u2019\u00e9tait peut-\u00eatre lui la solution. Il l\u2019a encore fait \u00e0 deux reprises dans les arr\u00eats de jeu mais, malheureusement, les coups de pied de Soufiane Bahassa, \u00e0 l\u2019aise la veille \u00e0 l\u2019entra\u00eenement, n\u2019ont pas d\u00e9pass\u00e9 le premier poteau. En premi\u00e8re mi-temps, Guillaume Odru et Steve Shamal ont eux d\u00e9livr\u00e9 quelques ballons int\u00e9ressants mais la d\u00e9fense de Granville n\u2019a gu\u00e8re trembl\u00e9\u00a0: de pl\u00e9thore de joueurs de t\u00eate la saison derni\u00e8re (Carroll, Yamb\u00e9r\u00e9, Ranem, Diaw, Louveau voire Beugr\u00e9), les Bordelais doivent d\u00e9sormais faire avec moins de taille et d\u2019impact sur les coups de pied arr\u00eat\u00e9s. Comme contre Avranches, ils ont \u00e9t\u00e9 en \u00e9chec malgr\u00e9 les multiples possibilit\u00e9s. \u00c9videmment un souci quand le terrain complique la possibilit\u00e9 de se cr\u00e9er des occasions dans le jeu courant.<\/p>\n<p>\u00ab\u00a0On le sait\u00a0: dans notre projection, on a voulu ajouter de la ma\u00eetrise. On ne peut pas avoir de la ma\u00eetrise et du gabarit car si on a tout, on n\u2019est pas \u00e0 ce niveau-l\u00e0. C\u2019est un choix\u00a0\u00bb, r\u00e9pondait Bruno Irles. \u00ab\u00a0Ce sont des choses qu\u2019on va continuer de travailler\u00a0\u00bb, glissait, lui, le d\u00e9fenseur Ruben Droehnl\u00e9.<\/p>\n","protected":false},"excerpt":{"rendered":"Lorsqu\u2019on a vu le gardien des Girondins Jan Hoekstra et son double-m\u00e8tre monter sur un corner d\u00e8s la&hellip;\n","protected":false},"author":2,"featured_media":339424,"comment_status":"","ping_status":"","sticky":false,"template":"","format":"standard","meta":{"footnotes":""},"categories":[2817],"tags":[1111,11,1997,1777,674,1011,27,12,2219,25],"class_list":{"0":"post-339423","1":"post","2":"type-post","3":"status-publish","4":"format-standard","5":"has-post-thumbnail","7":"category-bordeaux","8":"tag-actu","9":"tag-actualites","10":"tag-bordeaux","11":"tag-eu","12":"tag-europe","13":"tag-fr","14":"tag-france","15":"tag-news","16":"tag-nouvelle-aquitaine","17":"tag-republique-francaise"},"share_on_mastodon":{"url":"https:\/\/pubeurope.com\/@fr\/115080517624110089","error":""},"_links":{"self":[{"href":"https:\/\/www.europesays.com\/fr\/wp-json\/wp\/v2\/posts\/339423","targetHints":{"allow":["GET"]}}],"collection":[{"href":"https:\/\/www.europesays.com\/fr\/wp-json\/wp\/v2\/posts"}],"about":[{"href":"https:\/\/www.europesays.com\/fr\/wp-json\/wp\/v2\/types\/post"}],"author":[{"embeddable":true,"href":"https:\/\/www.europesays.com\/fr\/wp-json\/wp\/v2\/users\/2"}],"replies":[{"embeddable":true,"href":"https:\/\/www.europesays.com\/fr\/wp-json\/wp\/v2\/comments?post=339423"}],"version-history":[{"count":0,"href":"https:\/\/www.europesays.com\/fr\/wp-json\/wp\/v2\/posts\/339423\/revisions"}],"wp:featuredmedia":[{"embeddable":true,"href":"https:\/\/www.europesays.com\/fr\/wp-json\/wp\/v2\/media\/339424"}],"wp:attachment":[{"href":"https:\/\/www.europesays.com\/fr\/wp-json\/wp\/v2\/media?parent=339423"}],"wp:term":[{"taxonomy":"category","embeddable":true,"href":"https:\/\/www.europesays.com\/fr\/wp-json\/wp\/v2\/categories?post=339423"},{"taxonomy":"post_tag","embeddable":true,"href":"https:\/\/www.europesays.com\/fr\/wp-json\/wp\/v2\/tags?post=339423"}],"curies":[{"name":"wp","href":"https:\/\/api.w.org\/{rel}","templated":true}]}}