{"id":339425,"date":"2025-08-23T22:48:10","date_gmt":"2025-08-23T22:48:10","guid":{"rendered":"https:\/\/www.europesays.com\/fr\/339425\/"},"modified":"2025-08-23T22:48:10","modified_gmt":"2025-08-23T22:48:10","slug":"kung-fu-panda-4-se-visionne-sur-leau-et-gratuitement","status":"publish","type":"post","link":"https:\/\/www.europesays.com\/fr\/339425\/","title":{"rendered":"Kung Fu Panda 4 se visionne sur l&rsquo;eau et gratuitement"},"content":{"rendered":"<p>            Par<br \/>\n        <strong><br \/>\n            <a href=\"https:\/\/actu.fr\/auteur\/nina-hossein-zadeh\" title=\"Consulter tous les articles de Nina Hossein-Zadeh\" target=\"_blank\" rel=\"noopener\">Nina Hossein-Zadeh<\/a><br \/>\n        <\/strong><\/p>\n<p>        Publi\u00e9 le<\/p>\n<p>            23 ao\u00fbt 2025 \u00e0 18h24        <\/p>\n<p>Les vacances ne sont pas encore termin\u00e9es \u00e0 Toulouse et il y a encore <a href=\"https:\/\/actu.fr\/occitanie\/toulouse_31555\/canicule-en-haute-garonne-plus-de-vingt-spots-de-baignade-a-toulouse-et-ses-alentours-pour-se-rafraichir_63013795.html\" target=\"_blank\" rel=\"noopener\"><strong>quelques activit\u00e9s en plein air pr\u00e9vues<\/strong> <\/a>pour profiter des joies de l\u2019\u00e9t\u00e9. C\u2019est le cas \u00e0 <a href=\"https:\/\/actu.fr\/occitanie\/toulouse_31555\/toulouse-la-nouvelle-base-nautique-de-la-reynerie-a-ouvert-ce-qu-elle-propose_59845674.html\" target=\"_blank\" rel=\"noopener\">la base de loisirs de la Reynerie<\/a>, qui accueille depuis le mois de juin les f\u00e9rues de jeux d\u2019eau\u2026 Eh bien les plaisirs se prolongent en soir\u00e9e avec <strong>une s\u00e9ance de cin\u00e9ma plein air pas comme les autres.<\/strong><\/p>\n<p>Une s\u00e9ance \u00e0 flotter sur l\u2019eau<\/p>\n<p class=\" wall-content\">C\u2019est sur le lac de la Reynerie, que le Centre culturel Reynerie organise une s\u00e9ance de cin\u00e9ma en plein air assez atypique. Pour visionner le film, les spectateurs ne seront pas assis sur l\u2019herbe ou dans un transat\u2026<\/p>\n<p class=\" wall-content\">Pr\u00e9parez-vous \u00e0 flotter puisque c\u2019est sur l\u2019eau,<strong> install\u00e9s sur un paddle<\/strong>, que les adeptes du cin\u00e9ma plein air vont s\u2019initier. Une s\u00e9ance gratuite qui devrait attirer petits et grands\u2009!<\/p>\n<p>Le panda Po revient en force<\/p>\n<p class=\" wall-content\">En effet, cette exp\u00e9rience in\u00e9dite promet d\u2019attirer les familles. Jeudi 28\u00a0ao\u00fbt 2025, \u00e0 quelques jours de la reprise, c\u2019est<strong> Kung Fu Panda 4<\/strong> qui sera projet\u00e9.<\/p>\n<p class=\" wall-content\"><strong>Le guerrier dragon Po revient<\/strong>\u2009: apr\u00e8s avoir combattu les ma\u00eetres du mal dans les trois pr\u00e9c\u00e9dentes aventures, le Panda le plus c\u00e9l\u00e8bre d\u2019Universal Pictures va enfin avoir droit au r\u00e9pit\u2026<\/p>\n<p>Vid\u00e9os : en ce moment sur ActuUne s\u00e9ance sur r\u00e9servation<\/p>\n<p class=\" wall-content\">La s\u00e9ance durera 1h34 et sera projet\u00e9e de 21h45 \u00e0 23h20. Si l\u2019entr\u00e9e est libre, les places sont limit\u00e9es. Il est donc<strong> imp\u00e9ratif de r\u00e9server<\/strong> avant de s\u2019y rendre au 06\u200912\u200912\u200950\u200925.<\/p>\n<p class=\" wall-content\">Pensez \u00e0 consulter la page Facebook du Centre culturel Reynerie en cas d\u2019intemp\u00e9rie afin de vous assurer que la s\u00e9ance est maintenue.<\/p>\n<p>Votre r\u00e9gion, votre actu !<\/p>\n<p>Recevez chaque jour les infos qui comptent pour vous.<\/p>\n<p>\t<a href=\"https:\/\/actu.fr\/newsletter\" class=\"ac-btn ac-btn--corner ac-btn--medium ac-btn--blue800\" target=\"_blank\" rel=\"noopener\">S&rsquo;incrire<\/a><\/p>\n<p>    <a href=\"https:\/\/www.facebook.com\/plugins\/post.php?href=https%3A%2F%2Fwww.facebook.com%2FCentreCulturelReynerie%2Fposts%2Fpfbid02aJziQtHrTRKrKPhuyvUHxkAPQ7RrTTh3kfhtRi7EPU6yRjjsj19gaMr179q3GYQ4l&amp;show_text=true&amp;width=350\" title=\"Ouvrie le lien\" target=\"_blank\" rel=\"noopener\">Cliquez ici pour visualiser le contenu<\/a><\/p>\n<p class=\" wall-content\">.<\/p>\n<p class=\" wall-content\">Personnalisez votre actualit\u00e9 en ajoutant vos villes et m\u00e9dias en favori avec <a href=\"https:\/\/moncompte.actu.fr\" title=\"D\u00e9couvez Mon Actu\" rel=\"nofollow noopener\" data-trk=\"{&quot;cta&quot;:{&quot;action&quot;:&quot;https:\\\/\\\/moncompte.actu.fr&quot;,&quot;category&quot;:&quot;mon compte&quot;,&quot;from&quot;:&quot;article footer&quot;,&quot;name&quot;:&quot;Mon actu&quot;,&quot;type&quot;:&quot;cta&quot;}}\" target=\"_blank\">Mon Actu<\/a>.<\/p>\n","protected":false},"excerpt":{"rendered":"Par Nina Hossein-Zadeh Publi\u00e9 le 23 ao\u00fbt 2025 \u00e0 18h24 Les vacances ne sont pas encore termin\u00e9es \u00e0&hellip;\n","protected":false},"author":2,"featured_media":339426,"comment_status":"","ping_status":"","sticky":false,"template":"","format":"standard","meta":{"footnotes":""},"categories":[2816],"tags":[1111,11,650,1777,674,1011,27,12,2680,25,104,1341,2312],"class_list":{"0":"post-339425","1":"post","2":"type-post","3":"status-publish","4":"format-standard","5":"has-post-thumbnail","7":"category-toulouse","8":"tag-actu","9":"tag-actualites","10":"tag-cinema","11":"tag-eu","12":"tag-europe","13":"tag-fr","14":"tag-france","15":"tag-news","16":"tag-occitanie","17":"tag-republique-francaise","18":"tag-societe","19":"tag-sortir-a-toulouse","20":"tag-toulouse"},"share_on_mastodon":{"url":"https:\/\/pubeurope.com\/@fr\/115080521531636993","error":""},"_links":{"self":[{"href":"https:\/\/www.europesays.com\/fr\/wp-json\/wp\/v2\/posts\/339425","targetHints":{"allow":["GET"]}}],"collection":[{"href":"https:\/\/www.europesays.com\/fr\/wp-json\/wp\/v2\/posts"}],"about":[{"href":"https:\/\/www.europesays.com\/fr\/wp-json\/wp\/v2\/types\/post"}],"author":[{"embeddable":true,"href":"https:\/\/www.europesays.com\/fr\/wp-json\/wp\/v2\/users\/2"}],"replies":[{"embeddable":true,"href":"https:\/\/www.europesays.com\/fr\/wp-json\/wp\/v2\/comments?post=339425"}],"version-history":[{"count":0,"href":"https:\/\/www.europesays.com\/fr\/wp-json\/wp\/v2\/posts\/339425\/revisions"}],"wp:featuredmedia":[{"embeddable":true,"href":"https:\/\/www.europesays.com\/fr\/wp-json\/wp\/v2\/media\/339426"}],"wp:attachment":[{"href":"https:\/\/www.europesays.com\/fr\/wp-json\/wp\/v2\/media?parent=339425"}],"wp:term":[{"taxonomy":"category","embeddable":true,"href":"https:\/\/www.europesays.com\/fr\/wp-json\/wp\/v2\/categories?post=339425"},{"taxonomy":"post_tag","embeddable":true,"href":"https:\/\/www.europesays.com\/fr\/wp-json\/wp\/v2\/tags?post=339425"}],"curies":[{"name":"wp","href":"https:\/\/api.w.org\/{rel}","templated":true}]}}