{"id":339427,"date":"2025-08-23T22:49:14","date_gmt":"2025-08-23T22:49:14","guid":{"rendered":"https:\/\/www.europesays.com\/fr\/339427\/"},"modified":"2025-08-23T22:49:14","modified_gmt":"2025-08-23T22:49:14","slug":"un-arret-en-autocar-va-desservir-la-lozere-sur-la-ligne-blablacar-de-lyon-a-toulouse","status":"publish","type":"post","link":"https:\/\/www.europesays.com\/fr\/339427\/","title":{"rendered":"Un arr\u00eat en autocar va desservir la Loz\u00e8re, sur la ligne Blablacar de Lyon \u00e0 Toulouse"},"content":{"rendered":"<p>\n                                                                Une nouveaut\u00e9 pour les voyageurs, qui pourront relier Lyon ou Toulouse depuis la Loz\u00e8re en 4 heures.\u00a0\n                            <\/p>\n<p>Le jeudi 4 septembre 2025, une nouvelle desserte en autocar sera inaugur\u00e9e en Loz\u00e8re, sur la ligne Blablacar reliant Toulouse \u00e0 Lyon, dans les deux sens. La ligne marquera l\u2019arr\u00eat sur l\u2019aire de la Loz\u00e8re, en bordure de l\u2019A75, aux Monts-Verts. Une aire avec une infrastructure d\u00e9di\u00e9e.<\/p>\n<p>Un arr\u00eat de 50 minutes\u00a0<\/p>\n<p>Une nouveaut\u00e9 pour les voyageurs, qui pourront relier Lyon ou Toulouse depuis la Loz\u00e8re en 4 heures d\u2019autocar.<\/p>\n<p>L\u2019arr\u00eat pr\u00e9vu sera le plus long, il durera 50 minutes, et pourrait inciter les voyageurs \u00e0 s\u00e9journer dans le d\u00e9partement \u00e0 travers les activit\u00e9s et brochures mises \u00e0 disposition sur l\u2019aire.<\/p>\n<p>La ligne de Toulouse \u00e0 Lyon s\u2019effectue du jeudi au dimanche, et Lyon jusqu\u2019\u00e0 Toulouse, du vendredi au lundi.<\/p>\n","protected":false},"excerpt":{"rendered":"Une nouveaut\u00e9 pour les voyageurs, qui pourront relier Lyon ou Toulouse depuis la Loz\u00e8re en 4 heures.\u00a0 Le&hellip;\n","protected":false},"author":2,"featured_media":339428,"comment_status":"","ping_status":"","sticky":false,"template":"","format":"standard","meta":{"footnotes":""},"categories":[2816],"tags":[1111,11,1777,674,1011,27,12,2680,25,2312],"class_list":{"0":"post-339427","1":"post","2":"type-post","3":"status-publish","4":"format-standard","5":"has-post-thumbnail","7":"category-toulouse","8":"tag-actu","9":"tag-actualites","10":"tag-eu","11":"tag-europe","12":"tag-fr","13":"tag-france","14":"tag-news","15":"tag-occitanie","16":"tag-republique-francaise","17":"tag-toulouse"},"share_on_mastodon":{"url":"https:\/\/pubeurope.com\/@fr\/115080525403978910","error":""},"_links":{"self":[{"href":"https:\/\/www.europesays.com\/fr\/wp-json\/wp\/v2\/posts\/339427","targetHints":{"allow":["GET"]}}],"collection":[{"href":"https:\/\/www.europesays.com\/fr\/wp-json\/wp\/v2\/posts"}],"about":[{"href":"https:\/\/www.europesays.com\/fr\/wp-json\/wp\/v2\/types\/post"}],"author":[{"embeddable":true,"href":"https:\/\/www.europesays.com\/fr\/wp-json\/wp\/v2\/users\/2"}],"replies":[{"embeddable":true,"href":"https:\/\/www.europesays.com\/fr\/wp-json\/wp\/v2\/comments?post=339427"}],"version-history":[{"count":0,"href":"https:\/\/www.europesays.com\/fr\/wp-json\/wp\/v2\/posts\/339427\/revisions"}],"wp:featuredmedia":[{"embeddable":true,"href":"https:\/\/www.europesays.com\/fr\/wp-json\/wp\/v2\/media\/339428"}],"wp:attachment":[{"href":"https:\/\/www.europesays.com\/fr\/wp-json\/wp\/v2\/media?parent=339427"}],"wp:term":[{"taxonomy":"category","embeddable":true,"href":"https:\/\/www.europesays.com\/fr\/wp-json\/wp\/v2\/categories?post=339427"},{"taxonomy":"post_tag","embeddable":true,"href":"https:\/\/www.europesays.com\/fr\/wp-json\/wp\/v2\/tags?post=339427"}],"curies":[{"name":"wp","href":"https:\/\/api.w.org\/{rel}","templated":true}]}}