{"id":339431,"date":"2025-08-23T22:52:12","date_gmt":"2025-08-23T22:52:12","guid":{"rendered":"https:\/\/www.europesays.com\/fr\/339431\/"},"modified":"2025-08-23T22:52:12","modified_gmt":"2025-08-23T22:52:12","slug":"maria-refugiee-ukrainienne-et-non-voyante-passe-le-delf-a-marseille","status":"publish","type":"post","link":"https:\/\/www.europesays.com\/fr\/339431\/","title":{"rendered":"Maria, r\u00e9fugi\u00e9e ukrainienne et non-voyante, passe le Delf \u00e0 Marseille"},"content":{"rendered":"<p>Dans la salle d\u2019examen, les bruits aigus de la machine perkins font vibrer les lames du parquet. Dans un coin, Maria tape avec dext\u00e9rit\u00e9 sur l\u2019appareil qui lui permet d\u2019\u00e9crire en braille. Aujourd\u2019hui, cette jeune Ukrainienne de 33\u00a0ans et <a href=\"https:\/\/www.laprovence.com\/article\/region\/9011061937642414\/aveugle-expulse-dun-monoprix-a-marseille-a-cause-de-son-chien-la-justice-reconnait-la-discrimination-pour-la-1re-fois\" target=\"_blank\" rel=\"noopener\">d\u00e9ficiente visuelle <\/a>passe son examen pour obtenir son dipl\u00f4me de langue fran\u00e7aise (Delf), \u00e0 l\u2019espace p\u00e9dagogie et formation de France (EPFF), dans le 6e arrondissement de Marseille. <strong>\u00ab\u00a0Ce test ouvre toutes les portes de l\u2019int\u00e9gration personnelle et professionnelle\u00a0\u00bb<\/strong>, se r\u00e9jouit doucement Maria, dans un fran\u00e7ais parfait.<\/p>\n<p>120\u00a0heures de formation, un dipl\u00f4me et une demande de naturalisation<\/p>\n<p>C\u2019est en\u00a02022, au d\u00e9but de la guerre, qu\u2019elle fuit avec sa m\u00e8re et ses s\u0153urs, Tchernigov, un village du nord de <a href=\"https:\/\/www.laprovence.com\/dossiers\/126189\/guerre-en-ukraine\" target=\"_blank\" rel=\"noopener\">l\u2019Ukraine<\/a>. 4\u00a0000 kilom\u00e8tres plus loin, les quatre femmes atterrissent dans le 13e arrondissement de Marseille, \u00e0 l\u2019abri des bombes. Maria encha\u00eene les cours de fran\u00e7ais \u00e0 l\u2019union nationale des aveugles et d\u00e9ficients visuels, puis s\u2019inscrit au dispositif \u00ab\u00a0TrAmplin\u00a0\u00bb gr\u00e2ce auquel elle suit 120\u00a0heures de formation. Depuis son lancement, 400 Ukrainiens ont \u00e9t\u00e9 accompagn\u00e9s dans leur recherche d\u2019emploi, de formation ou encore pour passer l\u2019examen du Delf du minist\u00e8re&#8230;<\/p>\n","protected":false},"excerpt":{"rendered":"Dans la salle d\u2019examen, les bruits aigus de la machine perkins font vibrer les lames du parquet. Dans&hellip;\n","protected":false},"author":2,"featured_media":339432,"comment_status":"","ping_status":"","sticky":false,"template":"","format":"standard","meta":{"footnotes":""},"categories":[2814],"tags":[17,1111,11,5432,1777,674,1011,27,11865,884,12,47551,6280,471,882,47550,16,25,23289],"class_list":{"0":"post-339431","1":"post","2":"type-post","3":"status-publish","4":"format-standard","5":"has-post-thumbnail","7":"category-marseille","8":"tag-17","9":"tag-actu","10":"tag-actualites","11":"tag-combat","12":"tag-eu","13":"tag-europe","14":"tag-fr","15":"tag-france","16":"tag-maria","17":"tag-marseille","18":"tag-news","19":"tag-non-voyante","20":"tag-obtenir","21":"tag-pour","22":"tag-provence-alpes-cote-dazur","23":"tag-refugiee","24":"tag-region","25":"tag-republique-francaise","26":"tag-ukrainienne"},"share_on_mastodon":{"url":"https:\/\/pubeurope.com\/@fr\/115080537483148235","error":""},"_links":{"self":[{"href":"https:\/\/www.europesays.com\/fr\/wp-json\/wp\/v2\/posts\/339431","targetHints":{"allow":["GET"]}}],"collection":[{"href":"https:\/\/www.europesays.com\/fr\/wp-json\/wp\/v2\/posts"}],"about":[{"href":"https:\/\/www.europesays.com\/fr\/wp-json\/wp\/v2\/types\/post"}],"author":[{"embeddable":true,"href":"https:\/\/www.europesays.com\/fr\/wp-json\/wp\/v2\/users\/2"}],"replies":[{"embeddable":true,"href":"https:\/\/www.europesays.com\/fr\/wp-json\/wp\/v2\/comments?post=339431"}],"version-history":[{"count":0,"href":"https:\/\/www.europesays.com\/fr\/wp-json\/wp\/v2\/posts\/339431\/revisions"}],"wp:featuredmedia":[{"embeddable":true,"href":"https:\/\/www.europesays.com\/fr\/wp-json\/wp\/v2\/media\/339432"}],"wp:attachment":[{"href":"https:\/\/www.europesays.com\/fr\/wp-json\/wp\/v2\/media?parent=339431"}],"wp:term":[{"taxonomy":"category","embeddable":true,"href":"https:\/\/www.europesays.com\/fr\/wp-json\/wp\/v2\/categories?post=339431"},{"taxonomy":"post_tag","embeddable":true,"href":"https:\/\/www.europesays.com\/fr\/wp-json\/wp\/v2\/tags?post=339431"}],"curies":[{"name":"wp","href":"https:\/\/api.w.org\/{rel}","templated":true}]}}