{"id":339439,"date":"2025-08-23T22:58:10","date_gmt":"2025-08-23T22:58:10","guid":{"rendered":"https:\/\/www.europesays.com\/fr\/339439\/"},"modified":"2025-08-23T22:58:10","modified_gmt":"2025-08-23T22:58:10","slug":"inde-un-homme-reconnaissant-avoir-enterre-des-centaines-victimes-de-viols-et-de-meurtres-arrete-pour-mensonge-sous-serment","status":"publish","type":"post","link":"https:\/\/www.europesays.com\/fr\/339439\/","title":{"rendered":"Inde\u00a0: un homme reconnaissant avoir enterr\u00e9 des centaines victimes de viols et de meurtres arr\u00eat\u00e9 pour mensonge sous serment"},"content":{"rendered":"<p class=\"paragraph text_align_left lp-f-body-02\">Nouvel \u00e9pisode dans une affaire qui sid\u00e8re l\u2019<a href=\"https:\/\/www.leparisien.fr\/laparisienne\/actualites\/en-inde-les-femmes-defendent-leur-droit-d-entrer-dans-les-temples-hindous-02-01-2019-7979436.php\" target=\"_self\" rel=\"nofollow noopener\">Inde<\/a> depuis plus d\u2019un mois. Ce samedi, rapporte la <a href=\"https:\/\/www.bbc.com\/news\/articles\/cgm2z9zjgx7o\" target=\"_self\" rel=\"nofollow noopener\">BBC<\/a>, un homme a \u00e9t\u00e9 arr\u00eat\u00e9 pour parjure, autrement dit pour avoir menti sous serment, dans la r\u00e9gion du Karnataka, au sud-ouest du pays. Jusqu\u2019ici, il n\u2019avait ni visage, ni nom, mais il avait une voix. Ses d\u00e9clarations devant la justice d\u00e9but juillet ont d\u00e9clench\u00e9 une tornade politique, religieuse et m\u00e9diatique dans le pays : il affirme avait \u00e9t\u00e9 forc\u00e9, pendant presque 20 ans, \u00e0 enterrer des centaines de corps de <a href=\"https:\/\/www.leparisien.fr\/laparisienne\/actualites\/inde-pourquoi-les-femmes-sont-en-danger-la-nuit-01-06-2014-3887887.php\" target=\"_self\" rel=\"nofollow noopener\">femmes<\/a> qui avaient \u00e9t\u00e9 viol\u00e9es avant d\u2019\u00eatre tu\u00e9es.<\/p>\n<p class=\"paragraph text_align_left lp-f-body-02\">Selon <a href=\"https:\/\/www.newindianexpress.com\/states\/karnataka\/2025\/Aug\/23\/dharmasthala-mass-burial-case-complainant-arrested-remanded-to-police-custody-for-10-days\" target=\"_self\" rel=\"nofollow noopener\">The New Indian Express<\/a>, cet individu d\u2019\u00e2ge m\u00fbr se nomme C. N. Chinnaiah. Ce sont des \u00ab incoh\u00e9rences dans ses d\u00e9clarations et dans les documents qu\u2019il a fournis \u00bb qui ont conduit \u00e0 son interpellation. Interrog\u00e9 pendant plusieurs heures, l\u2019homme a ensuite subi un examen m\u00e9dical. La justice a autoris\u00e9 les enqu\u00eateurs \u00e0 le conserver jusqu\u2019\u00e0 dix jours en garde \u00e0 vue.<\/p>\n<p class=\"paragraph text_align_left lp-f-body-02\">Les affirmations de C. N. Chinnaiah ont mis en \u00e9bullition Dharmasthala, petite commune religieuse. Son temple hindou, le Manjunatha Swamy, draine quotidiennement des milliers de p\u00e8lerins. Dans sa plainte, d\u00e9pos\u00e9e le visage masqu\u00e9, il d\u00e9clarait avoir assur\u00e9 le nettoyage de l\u2019\u00e9difice religieux de 1995 \u00e0 2014. C\u2019est dans le cadre de ses fonctions qu\u2019il aurait \u00e9t\u00e9 contraint \u00e0 enterrer les victimes, dont certaines \u00e9taient mineures. Il relate avoir \u00e9t\u00e9 en fuite ces onze derni\u00e8res ann\u00e9es, avant de ployer sous le poids de sa conscience.<\/p>\n<p class=\"paragraph text_align_left lp-f-body-02\">Pour donner de l\u2019\u00e9paisseur \u00e0 son t\u00e9moignage, C. N. Chinnaiah avait extrait de son sac un cr\u00e2ne et l\u2019avait pr\u00e9sent\u00e9 \u00e0 la justice, assurant qu\u2019il avait appartenu \u00e0 une victime qu\u2019il avait enfouie sous terre.<\/p>\n<p class=\"lp-card-podcast-highlighting__title  lp-f-subtitle-05\">[4\/4] C\u00e9cile Vallin, les secrets d\u2019une disparition<\/p>\n<p class=\"lp-card-podcast-highlighting__description lp-f-ui-05\">Crime story raconte chaque semaine les grandes affaires criminelles.<\/p>\n<p><a class=\"lp-card-podcast-highlighting__call-to-action\" data-page-type=\"HP\" data-block-name=\"podcast-highlight\">\u00c9couter<\/a><\/p>\n<p class=\"paragraph text_align_left lp-f-body-02\">Sans d\u00e9voiler le nom du donneur d\u2019ordre, l\u2019homme pointe du doigt \u00ab l\u2019administration du temple et son staff \u00bb. \u00c0 savoir la famille Heggade, un puissant clan local en charge de l\u2019\u00e9difice depuis des g\u00e9n\u00e9rations.<\/p>\n<p>Des all\u00e9gations \u00ab fausses et infond\u00e9es \u00bb<\/p>\n<p class=\"paragraph text_align_left lp-f-body-02\">L\u2019affaire atteint sans tarder le gouvernement. Ce dernier monte une \u00e9quipe d\u2019investigation d\u00e9di\u00e9e pour v\u00e9rifier les dires de l\u2019homme au visage couvert. D\u2019autant que selon <a href=\"https:\/\/www.rfi.fr\/fr\/asie-pacifique\/20250727-inde-disparitions-de-femmes-et-soup%C3%A7ons-de-meurtres-autour-d-un-temple\" target=\"_self\" rel=\"nofollow noopener\">RFI<\/a>, \u00ab les disparitions se suivent depuis deux d\u00e9cennies sans explication claire \u00bb \u00e0 Dharmasthala.<\/p>\n<p class=\"paragraph text_align_left lp-f-body-02\">Des excavations sont men\u00e9es dans une quinzaine de lieux identifi\u00e9s par C. N. Chinnaiah, dont une part sont difficiles d\u2019acc\u00e8s. Au total, un cr\u00e2ne et une centaine de fragments osseux sont d\u00e9terr\u00e9s dans deux lieux et transf\u00e9r\u00e9s \u00e0 la police scientifique, d\u00e9crivent des sources de la cellule d\u2019investigation \u00e0 la BBC.<\/p>\n<p class=\"paragraph text_align_left lp-f-body-02\">Malgr\u00e9 l\u2019arrestation de C. N. Chinnaiah, l\u2019enqu\u00eate se poursuit aujourd\u2019hui, fait savoir Gangadharaiah Parameshwara. Le ministre de l\u2019Int\u00e9rieur du Karnataka affirme ne vouloir ni prot\u00e9ger ni calomnier personne, alors que des \u00e9lus locaux fustigent une campagne contre la religion hindoue.<\/p>\n<p class=\"paragraph text_align_left lp-f-body-02\">Cibl\u00e9 par le lanceur d\u2019alerte pr\u00e9sum\u00e9, Veerendra Heggade, dirigeant du temple et membre de la chambre haute du parlement, balaye des all\u00e9gations \u00ab fausses et infond\u00e9es \u00bb. L\u2019\u00e9lu accueille positivement l\u2019enqu\u00eate, promet-il, et dit \u00ab avoir une foi totale en la justice \u00bb.<\/p>\n<p class=\"paragraph text_align_left lp-f-body-02\">D\u2019apr\u00e8s RFI, \u00ab la famille a saisi la justice pour diffamation et a obtenu une injonction visant \u00e0 supprimer des milliers d\u2019articles de presse sur l\u2019affaire. Une d\u00e9cision qui suscite de vives critiques et alimente les suspicions de censure \u00bb. De quoi ajout un soup\u00e7on de flou suppl\u00e9mentaire \u00e0 cette affaire.<\/p>\n","protected":false},"excerpt":{"rendered":"Nouvel \u00e9pisode dans une affaire qui sid\u00e8re l\u2019Inde depuis plus d\u2019un mois. Ce samedi, rapporte la BBC, un&hellip;\n","protected":false},"author":2,"featured_media":339440,"comment_status":"","ping_status":"","sticky":false,"template":"","format":"standard","meta":{"footnotes":""},"categories":[1888],"tags":[1111,1928,11,1927,1777,674,118,1011,27,14,12,1926,626,1925,25],"class_list":{"0":"post-339439","1":"post","2":"type-post","3":"status-publish","4":"format-standard","5":"has-post-thumbnail","7":"category-paris","8":"tag-actu","9":"tag-actu-paris","10":"tag-actualites","11":"tag-actualites-paris","12":"tag-eu","13":"tag-europe","14":"tag-faits-divers","15":"tag-fr","16":"tag-france","17":"tag-international","18":"tag-news","19":"tag-news-paris","20":"tag-paris","21":"tag-paris-news","22":"tag-republique-francaise"},"share_on_mastodon":{"url":"https:\/\/pubeurope.com\/@fr\/115080560837582468","error":""},"_links":{"self":[{"href":"https:\/\/www.europesays.com\/fr\/wp-json\/wp\/v2\/posts\/339439","targetHints":{"allow":["GET"]}}],"collection":[{"href":"https:\/\/www.europesays.com\/fr\/wp-json\/wp\/v2\/posts"}],"about":[{"href":"https:\/\/www.europesays.com\/fr\/wp-json\/wp\/v2\/types\/post"}],"author":[{"embeddable":true,"href":"https:\/\/www.europesays.com\/fr\/wp-json\/wp\/v2\/users\/2"}],"replies":[{"embeddable":true,"href":"https:\/\/www.europesays.com\/fr\/wp-json\/wp\/v2\/comments?post=339439"}],"version-history":[{"count":0,"href":"https:\/\/www.europesays.com\/fr\/wp-json\/wp\/v2\/posts\/339439\/revisions"}],"wp:featuredmedia":[{"embeddable":true,"href":"https:\/\/www.europesays.com\/fr\/wp-json\/wp\/v2\/media\/339440"}],"wp:attachment":[{"href":"https:\/\/www.europesays.com\/fr\/wp-json\/wp\/v2\/media?parent=339439"}],"wp:term":[{"taxonomy":"category","embeddable":true,"href":"https:\/\/www.europesays.com\/fr\/wp-json\/wp\/v2\/categories?post=339439"},{"taxonomy":"post_tag","embeddable":true,"href":"https:\/\/www.europesays.com\/fr\/wp-json\/wp\/v2\/tags?post=339439"}],"curies":[{"name":"wp","href":"https:\/\/api.w.org\/{rel}","templated":true}]}}