{"id":339448,"date":"2025-08-23T23:03:10","date_gmt":"2025-08-23T23:03:10","guid":{"rendered":"https:\/\/www.europesays.com\/fr\/339448\/"},"modified":"2025-08-23T23:03:10","modified_gmt":"2025-08-23T23:03:10","slug":"vladimir-poutine-est-un-ogre-qui-se-nourrit-de-guerres-affirme-lancien-diplomatique-sovietique-alexandre-melnik","status":"publish","type":"post","link":"https:\/\/www.europesays.com\/fr\/339448\/","title":{"rendered":"\u00abVladimir Poutine est un ogre qui se nourrit de guerres\u00bb, affirme l&rsquo;ancien diplomatique sovi\u00e9tique Alexandre Melnik"},"content":{"rendered":"<p class=\"intro \">Le conflit en Ukraine ne semble toujours pas trouver de solutions diplomatiques, malgr\u00e9 les tentatives de Donald Trump. Invit\u00e9 d&rsquo;Europe 1 Soir Week-end, l&rsquo;ancien diplomatique sovi\u00e9tique Alexandre Melnik estime que le pr\u00e9sident am\u00e9ricain a \u00ab\u00a0besoin d&rsquo;arr\u00eater la guerre le plus rapidement possible\u00a0\u00bb.<\/p>\n<p>La volont\u00e9 supr\u00eame de Donald Trump d&rsquo;obtenir le <a href=\"https:\/\/www.europe1.fr\/emissions\/vincent-hervouet-vous-parle-international\/donald-prix-nobel-de-la-guerre-760606\" rel=\"nofollow noopener\" target=\"_blank\">prix Nobel de la paix<\/a> en stoppant le conflit en Ukraine ne semble pas porter ses fruits. Depuis sa rencontre avec <a href=\"https:\/\/www.europe1.fr\/dossiers\/vladimir-poutine\" rel=\"nofollow noopener\" target=\"_blank\">Vladimir Poutine<\/a>, le front est toujours actif et les pertes humaines s&rsquo;accumulent de chaque c\u00f4t\u00e9 du champ de bataille.<\/p>\n<p>    La suite apr\u00e8s cette publicit\u00e9<\/p>\n<p>    La suite apr\u00e8s cette publicit\u00e9<\/p>\n<p>\u00ab\u00a0La guerre ira crescendo\u00a0\u00bb<\/p>\n<p>Pour l&rsquo;ancien diplomate sovi\u00e9tique Alexandre Melnik, \u00ab\u00a0Donald Trump a besoin d&rsquo;arr\u00eater la guerre le plus rapidement possible, sauf qu&rsquo;il ne comprend pas les raisons profondes de cette guerre\u00a0\u00bb.<\/p>\n<p>L&rsquo;enseignant en g\u00e9opolitique estime que \u00ab\u00a0la Russie d&rsquo;aujourd&rsquo;hui est un r\u00e9gime autoritaire, \u00e0 tendance dictatoriale\u00a0\u00bb, tandis que l&rsquo;Ukraine est \u00ab\u00a0une d\u00e9mocratie naissante et imparfaite\u00a0\u00bb, tout en soulignant qu&rsquo;il n&rsquo;y \u00ab\u00a0en a aucune\u00a0\u00bb dans le monde. \u00ab\u00a0Le pire &lsquo;Covid&rsquo; pour tout r\u00e9gime autoritaire, c&rsquo;est la d\u00e9mocratie. Parce que si le Russe voit que les Ukrainiens sont libres, \u00e7a peut \u00eatre extr\u00eamement contagieux et ce r\u00e9gime autoritaire peut s&rsquo;effondrer comme un ch\u00e2teau de cartes\u00a0\u00bb.<\/p>\n<p>    La suite apr\u00e8s cette publicit\u00e9<\/p>\n<p>    La suite apr\u00e8s cette publicit\u00e9<\/p>\n<p>Il s&rsquo;est ainsi montr\u00e9 tr\u00e8s critique du r\u00e9gime de Vladimir Poutine. \u00ab\u00a0C&rsquo;est un ogre qui se nourrit de guerres comme, pour reprendre l&rsquo;expression de Jean Jaur\u00e8s, la nu\u00e9e qui porte l&rsquo;orage. La guerre, c&rsquo;est l&rsquo;ADN de ce r\u00e9gime. Et tant que Vladimir Poutine est au pouvoir, la guerre continuera et ira crescendo\u00a0\u00bb.<\/p>\n","protected":false},"excerpt":{"rendered":"Le conflit en Ukraine ne semble toujours pas trouver de solutions diplomatiques, malgr\u00e9 les tentatives de Donald Trump.&hellip;\n","protected":false},"author":2,"featured_media":339449,"comment_status":"","ping_status":"","sticky":false,"template":"","format":"standard","meta":{"footnotes":""},"categories":[1590],"tags":[11,1777,674,12,220],"class_list":{"0":"post-339448","1":"post","2":"type-post","3":"status-publish","4":"format-standard","5":"has-post-thumbnail","7":"category-ukraine","8":"tag-actualites","9":"tag-eu","10":"tag-europe","11":"tag-news","12":"tag-ukraine"},"share_on_mastodon":{"url":"https:\/\/pubeurope.com\/@fr\/115080580557390001","error":""},"_links":{"self":[{"href":"https:\/\/www.europesays.com\/fr\/wp-json\/wp\/v2\/posts\/339448","targetHints":{"allow":["GET"]}}],"collection":[{"href":"https:\/\/www.europesays.com\/fr\/wp-json\/wp\/v2\/posts"}],"about":[{"href":"https:\/\/www.europesays.com\/fr\/wp-json\/wp\/v2\/types\/post"}],"author":[{"embeddable":true,"href":"https:\/\/www.europesays.com\/fr\/wp-json\/wp\/v2\/users\/2"}],"replies":[{"embeddable":true,"href":"https:\/\/www.europesays.com\/fr\/wp-json\/wp\/v2\/comments?post=339448"}],"version-history":[{"count":0,"href":"https:\/\/www.europesays.com\/fr\/wp-json\/wp\/v2\/posts\/339448\/revisions"}],"wp:featuredmedia":[{"embeddable":true,"href":"https:\/\/www.europesays.com\/fr\/wp-json\/wp\/v2\/media\/339449"}],"wp:attachment":[{"href":"https:\/\/www.europesays.com\/fr\/wp-json\/wp\/v2\/media?parent=339448"}],"wp:term":[{"taxonomy":"category","embeddable":true,"href":"https:\/\/www.europesays.com\/fr\/wp-json\/wp\/v2\/categories?post=339448"},{"taxonomy":"post_tag","embeddable":true,"href":"https:\/\/www.europesays.com\/fr\/wp-json\/wp\/v2\/tags?post=339448"}],"curies":[{"name":"wp","href":"https:\/\/api.w.org\/{rel}","templated":true}]}}