{"id":339450,"date":"2025-08-23T23:04:14","date_gmt":"2025-08-23T23:04:14","guid":{"rendered":"https:\/\/www.europesays.com\/fr\/339450\/"},"modified":"2025-08-23T23:04:14","modified_gmt":"2025-08-23T23:04:14","slug":"face-a-la-famine-a-gaza-le-silence-de-la-maison-blanche","status":"publish","type":"post","link":"https:\/\/www.europesays.com\/fr\/339450\/","title":{"rendered":"Face \u00e0 la famine \u00e0 Gaza, le silence de la Maison-Blanche"},"content":{"rendered":"\n<p>Vendredi 22\u00a0ao\u00fbt, les Nations unies ont reconnu l\u2019existence d\u2019une famine dans la ville de Gaza.<\/p>\n<p><a href=\"https:\/\/www.courrierinternational.com\/article\/crise-humanitaire-l-onu-declare-officiellement-l-etat-de-famine-a-gaza-500-000-personnes-concernees_234254\" target=\"_blank\" rel=\"noopener\">Dans un rapport, le Cadre int\u00e9gr\u00e9 de classification de la s\u00e9curit\u00e9 alimentaire (IPC), l\u2019organisme ind\u00e9pendant de l\u2019ONU qui mesure la faim dans le monde<\/a>, a expliqu\u00e9 que le territoire avait atteint la phase 5\u00a0de son classement, c\u2019est-\u00e0-dire \u201cle niveau le plus \u00e9lev\u00e9, caract\u00e9ris\u00e9 par la famine, la mis\u00e8re et la mort\u201d. Une situation d\u00e9nonc\u00e9e depuis des mois par les organisations humanitaires pr\u00e9sentes sur place et qui concernerait plus de 500\u00a0000\u00a0personnes dans l\u2019enclave palestinienne selon les experts.<\/p>\n<p>La publication de ce rapport a suscit\u00e9 \u201cl\u2019indignation de nombreux pays europ\u00e9ens, mais pas des \u00c9tats-Unis, principal soutien d\u2019Isra\u00ebl\u201d, <a class=\"ithalc\" data-ithal=\"lien_externe\" data-ithalc=\"[nav_article]\" target=\"_blank\" href=\"https:\/\/www.nytimes.com\/2025\/08\/23\/world\/middleeast\/gaza-famine-report-us-reaction.html\" rel=\"noopener\">\u00e9crit <strong>The New York Times<\/strong><\/a>.<\/p>\n<p>La Maison-Blanche n\u2019a pas r\u00e9agi \u00e0 cette reconnaissance de la famine dans la bande de Gaza par l\u2019organisation internationale, alors m\u00eame que les auteurs du rapport pointent \u201cque les strictes restrictions isra\u00e9liennes sur l\u2019aide, entre autres facteurs, sont responsables de la famine\u201d.<\/p>\n<p>Des accusations que l\u2019\u00c9tat h\u00e9breu nie en bloc. Le Premier ministre isra\u00e9lien Benyamin N\u00e9tanyahou a reconnu des \u201cp\u00e9nuries temporaires\u201d, mais a rejet\u00e9 toute la responsabilit\u00e9 sur le Hamas, qu\u2019il accuse de d\u00e9tourner l\u2019aide humanitaire.<\/p>\n<p>               Une \u201cvraie famine\u201d       <\/p>\n<p>\u201cIsra\u00ebl et les \u00c9tats-Unis ont \u00e9galement soutenu leur propre initiative d\u2019aide \u00e0 Gaza \u2013 largement critiqu\u00e9e \u2013 dans laquelle des agents de s\u00e9curit\u00e9 am\u00e9ricains supervisent la distribution de cartons de nourriture sur des sites situ\u00e9s derri\u00e8re les lignes militaires isra\u00e9liennes, ajoute le New York Times. Selon les responsables de la sant\u00e9 de Gaza, des centaines de personnes ont \u00e9t\u00e9 tu\u00e9es \u00e0 proximit\u00e9 de ces sites.\u201d<\/p>\n<p>Fin juillet, <a href=\"https:\/\/www.courrierinternational.com\/article\/moyen-orient-famine-a-gaza-trump-contredit-netanyahou_233566\" target=\"_blank\" rel=\"noopener\">Donald Trump avait contredit Benyamin N\u00e9tanyahou<\/a> en affirmant l\u2019existence d\u2019une \u201cvraie famine\u201d \u00e0 Gaza.<\/p>\n<p>Toutefois, aujourd\u2019hui, le New York Times n\u2019est pas surpris par cette absence de r\u00e9action de la part du chef d\u2019\u00c9tat am\u00e9ricain.<\/p>\n<p>\u201cLa publication du rapport a couronn\u00e9 une semaine au cours de laquelle l\u2019administration Trump a soutenu le gouvernement de Benyamin N\u00e9tanyahou sur plusieurs dossiers, ou est rest\u00e9e en grande partie silencieuse, alors m\u00eame que de nombreux alli\u00e9s d\u2019Isra\u00ebl condamnaient ses actions en des termes de plus en plus s\u00e9v\u00e8res\u201d, note le quotidien progressiste.<\/p>\n<p>Pourtant le temps presse. Alors qu\u2019Isra\u00ebl se pr\u00e9pare \u00e0 lancer une vaste offensive sur la ville de Gaza, la situation pourrait encore s\u2019aggraver. Selon le rapport de l\u2019ONU, la famine pourrait \u00e9galement toucher le centre et le sud de l\u2019enclave d\u2019ici le mois de septembre.<\/p>\n","protected":false},"excerpt":{"rendered":"Vendredi 22\u00a0ao\u00fbt, les Nations unies ont reconnu l\u2019existence d\u2019une famine dans la ville de Gaza. Dans un rapport,&hellip;\n","protected":false},"author":2,"featured_media":339451,"comment_status":"","ping_status":"","sticky":false,"template":"","format":"standard","meta":{"footnotes":""},"categories":[1589],"tags":[11,4628,27136,75,73,1866,1892,4629,3257,12,3518,1864,1865,1863,308],"class_list":{"0":"post-339450","1":"post","2":"type-post","3":"status-publish","4":"format-standard","5":"has-post-thumbnail","7":"category-etats-unis","8":"tag-actualites","9":"tag-bande-de-gaza","10":"tag-benyamin-nu00e9tanyahou","11":"tag-donald-trump","12":"tag-etats-unis","13":"tag-etats-unis-damerique","14":"tag-gu00e9opolitique","15":"tag-guerre-israu00ebl-hamas","16":"tag-moyen-orient","17":"tag-news","18":"tag-palestine","19":"tag-united-states","20":"tag-united-states-of-america","21":"tag-us","22":"tag-usa"},"share_on_mastodon":{"url":"https:\/\/pubeurope.com\/@fr\/115080584463410093","error":""},"_links":{"self":[{"href":"https:\/\/www.europesays.com\/fr\/wp-json\/wp\/v2\/posts\/339450","targetHints":{"allow":["GET"]}}],"collection":[{"href":"https:\/\/www.europesays.com\/fr\/wp-json\/wp\/v2\/posts"}],"about":[{"href":"https:\/\/www.europesays.com\/fr\/wp-json\/wp\/v2\/types\/post"}],"author":[{"embeddable":true,"href":"https:\/\/www.europesays.com\/fr\/wp-json\/wp\/v2\/users\/2"}],"replies":[{"embeddable":true,"href":"https:\/\/www.europesays.com\/fr\/wp-json\/wp\/v2\/comments?post=339450"}],"version-history":[{"count":0,"href":"https:\/\/www.europesays.com\/fr\/wp-json\/wp\/v2\/posts\/339450\/revisions"}],"wp:featuredmedia":[{"embeddable":true,"href":"https:\/\/www.europesays.com\/fr\/wp-json\/wp\/v2\/media\/339451"}],"wp:attachment":[{"href":"https:\/\/www.europesays.com\/fr\/wp-json\/wp\/v2\/media?parent=339450"}],"wp:term":[{"taxonomy":"category","embeddable":true,"href":"https:\/\/www.europesays.com\/fr\/wp-json\/wp\/v2\/categories?post=339450"},{"taxonomy":"post_tag","embeddable":true,"href":"https:\/\/www.europesays.com\/fr\/wp-json\/wp\/v2\/tags?post=339450"}],"curies":[{"name":"wp","href":"https:\/\/api.w.org\/{rel}","templated":true}]}}