{"id":339452,"date":"2025-08-23T23:05:11","date_gmt":"2025-08-23T23:05:11","guid":{"rendered":"https:\/\/www.europesays.com\/fr\/339452\/"},"modified":"2025-08-23T23:05:11","modified_gmt":"2025-08-23T23:05:11","slug":"le-gouverneur-de-la-banque-dangleterre-alerte-sur-le-defi-aigu-de-la-faible-croissance-au-royaume-uni","status":"publish","type":"post","link":"https:\/\/www.europesays.com\/fr\/339452\/","title":{"rendered":"Le gouverneur de la Banque d&rsquo;Angleterre alerte sur le \u00ab d\u00e9fi aigu \u00bb de la faible croissance au Royaume-Uni"},"content":{"rendered":"<p>Le Royaume-Uni fait face \u00e0 un \u00ab d\u00e9fi aigu \u00bb en raison de la faiblesse de sa croissance \u00e9conomique sous-jacente et de la baisse de la participation au march\u00e9 du travail depuis la pand\u00e9mie de COVID-19, a d\u00e9clar\u00e9 samedi Andrew Bailey, gouverneur de la Banque d&rsquo;Angleterre.<\/p>\n<p>Intervenant lors d&rsquo;une conf\u00e9rence annuelle organis\u00e9e dans le Wyoming par la R\u00e9serve f\u00e9d\u00e9rale am\u00e9ricaine, M. Bailey a soulign\u00e9 que le vieillissement de la population et une baisse apparente du taux d&#8217;emploi chez les jeunes Britanniques, li\u00e9e \u00e0 des probl\u00e8mes de sant\u00e9, renforcent la n\u00e9cessit\u00e9 de stimuler la productivit\u00e9 \u00e9conomique.<\/p>\n<p>\u00ab Revenant sur la question des taux de croissance potentiels, cela met encore plus l&rsquo;accent sur la n\u00e9cessit\u00e9 d&rsquo;accro\u00eetre la croissance de la productivit\u00e9 \u00bb, a-t-il affirm\u00e9. \u00ab Le vieillissement de la population ne va pas s&rsquo;inverser dans un avenir pr\u00e9visible. \u00bb<\/p>\n<p>Le gouverneur a expliqu\u00e9 que la banque centrale avait d\u00e9laiss\u00e9 l&rsquo;analyse des tendances \u00e0 long terme du ch\u00f4mage au profit d&rsquo;une observation plus attentive du niveau de participation \u00e0 la population active.<\/p>\n<p>Les donn\u00e9es officielles montrent que le pourcentage de Britanniques \u00e2g\u00e9s de 16 \u00e0 64 ans actifs sur le march\u00e9 du travail reste inf\u00e9rieur \u00e0 son niveau d&rsquo;avant la pand\u00e9mie de COVID-19, contrairement \u00e0 d&rsquo;autres \u00e9conomies avanc\u00e9es.<\/p>\n<p>M. Bailey a pr\u00e9cis\u00e9 que ces chiffres comportaient d&rsquo;importantes r\u00e9serves &#8212; notamment un faible taux de r\u00e9ponse et la possibilit\u00e9 que les personnes \u00e9conomiquement inactives soient davantage enclines \u00e0 participer aux enqu\u00eates officielles.<\/p>\n<p>Cependant, il estime que ce facteur n&rsquo;explique pas \u00e0 lui seul la baisse observ\u00e9e.<\/p>\n<p>\u00ab Au-del\u00e0 des r\u00e9serves sur les donn\u00e9es, c&rsquo;est une histoire assez triste pour le Royaume-Uni car&#8230; nous sommes clairement en bas du classement \u00bb, a-t-il d\u00e9plor\u00e9.<\/p>\n<p>Le gouvernement travailliste britannique s&rsquo;est engag\u00e9 \u00e0 renforcer la participation au march\u00e9 du travail et la croissance \u00e9conomique. Toutefois, plus t\u00f4t cette ann\u00e9e, les parlementaires ont rejet\u00e9 des r\u00e9formes des allocations d&rsquo;invalidit\u00e9 que certains analystes consid\u00e8rent comme un frein au retour \u00e0 l&#8217;emploi.<\/p>\n<p>Les chiffres pour le deuxi\u00e8me trimestre 2025 indiquent que 21,0 % des Britanniques \u00e2g\u00e9s de 16 \u00e0 64 ans ne travaillent pas et ne recherchent pas activement un emploi, un taux en baisse par rapport au pic de 22,2 % l&rsquo;an dernier, mais sup\u00e9rieur au minimum de 20,3 % enregistr\u00e9 avant la pand\u00e9mie.<\/p>\n<p>La diminution de la participation \u00e0 la population active est l&rsquo;une des raisons pour lesquelles certains membres du comit\u00e9 de politique mon\u00e9taire de la Banque d&rsquo;Angleterre craignent que le taux d&rsquo;inflation du Royaume-Uni &#8212; le plus \u00e9lev\u00e9 du G7 avec 3,8 % en juillet &#8212; ne revienne que lentement \u00e0 l&rsquo;objectif de 2 %.<\/p>\n<p>Andrew Bailey n&rsquo;a pas abord\u00e9 directement les perspectives de politique mon\u00e9taire lors de ses propos, tenus dans le cadre d&rsquo;une discussion sur les d\u00e9fis du march\u00e9 du travail avec la pr\u00e9sidente de la Banque centrale europ\u00e9enne, Christine Lagarde, et le gouverneur de la Banque du Japon, Kazuo Ueda.<\/p>\n<p>(Reportage de Howard Schneider, r\u00e9daction de David Milliken ; \u00e9dition de Diane Craft)<\/p>\n<p><\/p>\n","protected":false},"excerpt":{"rendered":"Le Royaume-Uni fait face \u00e0 un \u00ab d\u00e9fi aigu \u00bb en raison de la faiblesse de sa croissance&hellip;\n","protected":false},"author":2,"featured_media":339453,"comment_status":"","ping_status":"","sticky":false,"template":"","format":"standard","meta":{"footnotes":""},"categories":[1588],"tags":[11,340,1777,674,12,473,1853,1851,1850,1852],"class_list":{"0":"post-339452","1":"post","2":"type-post","3":"status-publish","4":"format-standard","5":"has-post-thumbnail","7":"category-royaume-uni","8":"tag-actualites","9":"tag-bourse","10":"tag-eu","11":"tag-europe","12":"tag-news","13":"tag-royaume-uni","14":"tag-royaume-uni-de-grande-bretagne-et-dirlande-du-nord","15":"tag-uk","16":"tag-united-kingdom","17":"tag-united-kingdom-of-great-britain-and-northern-ireland"},"share_on_mastodon":{"url":"https:\/\/pubeurope.com\/@fr\/115080588409601697","error":""},"_links":{"self":[{"href":"https:\/\/www.europesays.com\/fr\/wp-json\/wp\/v2\/posts\/339452","targetHints":{"allow":["GET"]}}],"collection":[{"href":"https:\/\/www.europesays.com\/fr\/wp-json\/wp\/v2\/posts"}],"about":[{"href":"https:\/\/www.europesays.com\/fr\/wp-json\/wp\/v2\/types\/post"}],"author":[{"embeddable":true,"href":"https:\/\/www.europesays.com\/fr\/wp-json\/wp\/v2\/users\/2"}],"replies":[{"embeddable":true,"href":"https:\/\/www.europesays.com\/fr\/wp-json\/wp\/v2\/comments?post=339452"}],"version-history":[{"count":0,"href":"https:\/\/www.europesays.com\/fr\/wp-json\/wp\/v2\/posts\/339452\/revisions"}],"wp:featuredmedia":[{"embeddable":true,"href":"https:\/\/www.europesays.com\/fr\/wp-json\/wp\/v2\/media\/339453"}],"wp:attachment":[{"href":"https:\/\/www.europesays.com\/fr\/wp-json\/wp\/v2\/media?parent=339452"}],"wp:term":[{"taxonomy":"category","embeddable":true,"href":"https:\/\/www.europesays.com\/fr\/wp-json\/wp\/v2\/categories?post=339452"},{"taxonomy":"post_tag","embeddable":true,"href":"https:\/\/www.europesays.com\/fr\/wp-json\/wp\/v2\/tags?post=339452"}],"curies":[{"name":"wp","href":"https:\/\/api.w.org\/{rel}","templated":true}]}}