{"id":339454,"date":"2025-08-23T23:06:16","date_gmt":"2025-08-23T23:06:16","guid":{"rendered":"https:\/\/www.europesays.com\/fr\/339454\/"},"modified":"2025-08-23T23:06:16","modified_gmt":"2025-08-23T23:06:16","slug":"une-blague-absurde-pogacar-ne-digere-pas-le-declassement-de-van-poppel-sur-le-tour-dallemagne","status":"publish","type":"post","link":"https:\/\/www.europesays.com\/fr\/339454\/","title":{"rendered":"\u00ab\u00a0Une blague absurde\u00a0\u00bb, Pogacar ne dig\u00e8re pas le d\u00e9classement de Van Poppel sur le Tour d&rsquo;Allemagne"},"content":{"rendered":"<p>Absent du Tour d&rsquo;Allemagne, Tadej Pogacar garde tout de m\u00eame un oeil attentif et a pris la d\u00e9fense de Danny Van Poppel, \u00ab\u00a0clair vainqueur\u00a0\u00bb de la 3e \u00e9tape du Tour d&rsquo;Allemagne selon le Slov\u00e8ne, mais finalement d\u00e9class\u00e9. \u00ab\u00a0Une blague absurde\u00a0\u00bb, juge le champion du monde.<\/p>\n<p><a href=\"https:\/\/rmcsport.bfmtv.com\/cyclisme\/tadej-pogacar_DN-202108310499.html\" title=\"Tadej Pogacar\" class=\"internal_link\" rel=\"nofollow noopener\" target=\"_blank\">Tadej Pogacar<\/a> n&rsquo;en revient pas. Si le coureur slov\u00e8ne n&rsquo;a pas particip\u00e9 au Tour d&rsquo;Allemagne, il avait un avis tr\u00e8s tranch\u00e9 sur celui qui aurait d\u00fb \u00eatre le gagnant de la 3e \u00e9tape du jour, \u00e0 savoir le N\u00e9erlandais Danny Van Poppel (Red Bull BORA hansgrohe), finalement d\u00e9class\u00e9 \u00e0 cause de ses vagues qui ont failli envoyer au tapis Matthew Brennan (Visma &#8211; Lease a bike) et Soren Waerenskjold (Uno-X), finalement d\u00e9clar\u00e9 vainqueur.<\/p>\n<p>\u00ab\u00a0Le clair vainqueur de l&rsquo;\u00e9tape du jour, a estim\u00e9 Tadej Pogacar, dans un message publi\u00e9 en story Instagram montrant une photo de Danny Van Poppel avant de franchir la ligne d&rsquo;arriv\u00e9e. Ces d\u00e9classements sont des pures blagues et sont incorrects. Le travail est mal fait&#8230; comme bien d&rsquo;autres fois cette ann\u00e9e. F\u00e9licitations Danny Van Poppel, tu as gagn\u00e9!\u00a0\u00bb<\/p>\n<p>Le Slov\u00e8ne a post\u00e9 un deuxi\u00e8me message dans lequel il clarifie sa pens\u00e9e: \u00ab\u00a0Ne vous m\u00e9prenez pas. S&rsquo;ils d\u00e9classent des coureurs ici, ils peuvent en rel\u00e9guer quatre ou cinq. Regardez tout le tableau!\u00a0\u00bb<\/p>\n<p>Un quatri\u00e8me carton jaune pour Van Poppel<\/p>\n<p>R\u00e9guli\u00e8rement sanctionn\u00e9, Danny Van Poppel a \u00e9cop\u00e9 ce samedi d&rsquo;un nouveau carton jaune pour avoir lanc\u00e9 son sprint sur la gauche de la route, avant de se recentrer pour finalement se rabattre \u00e0 gauche, bousculant Matthew Brennan. Il s&rsquo;agit de son quatri\u00e8me carton jaune cette saison. \u00c0 savoir qu&rsquo;une suspension de trente jours est attribu\u00e9e \u00e0 tout coureur ayant \u00e9cop\u00e9 de six cartons jaunes en l&rsquo;espace d&rsquo;un an.<\/p>\n<p>Tadej Pogacar lui est en pleine pr\u00e9paration des <a href=\"https:\/\/rmcsport.bfmtv.com\/cyclisme\/championnats-du-monde\/mondiaux-de-cyclisme-pas-de-nouveau-duel-avec-pogacar-vingegaard-renonce-a-participer_AV-202508210445.html\" title=\"Mondiaux de cyclisme: pas de nouveau duel avec Pogacar, Vingegaard renonce \u00e0 participer\" class=\"internal_link\" rel=\"nofollow noopener\" target=\"_blank\">championnats du monde qui auront lieu au Rwanda<\/a> et remettra un dossard \u00e0 l&rsquo;occasion des courses canadiennes au Qu\u00e9bec et \u00e0 Montr\u00e9al mi-septembre.<\/p>\n","protected":false},"excerpt":{"rendered":"Absent du Tour d&rsquo;Allemagne, Tadej Pogacar garde tout de m\u00eame un oeil attentif et a pris la d\u00e9fense&hellip;\n","protected":false},"author":2,"featured_media":339455,"comment_status":"","ping_status":"","sticky":false,"template":"","format":"standard","meta":{"footnotes":""},"categories":[1587],"tags":[11,672,1804,1805,1803,1777,674,1801,12,1802],"class_list":{"0":"post-339454","1":"post","2":"type-post","3":"status-publish","4":"format-standard","5":"has-post-thumbnail","7":"category-allemagne","8":"tag-actualites","9":"tag-allemagne","10":"tag-bundesrepublik-deutschland","11":"tag-de","12":"tag-deutschland","13":"tag-eu","14":"tag-europe","15":"tag-germany","16":"tag-news","17":"tag-republique-federale-dallemagne"},"share_on_mastodon":{"url":"https:\/\/pubeurope.com\/@fr\/115080592471048608","error":""},"_links":{"self":[{"href":"https:\/\/www.europesays.com\/fr\/wp-json\/wp\/v2\/posts\/339454","targetHints":{"allow":["GET"]}}],"collection":[{"href":"https:\/\/www.europesays.com\/fr\/wp-json\/wp\/v2\/posts"}],"about":[{"href":"https:\/\/www.europesays.com\/fr\/wp-json\/wp\/v2\/types\/post"}],"author":[{"embeddable":true,"href":"https:\/\/www.europesays.com\/fr\/wp-json\/wp\/v2\/users\/2"}],"replies":[{"embeddable":true,"href":"https:\/\/www.europesays.com\/fr\/wp-json\/wp\/v2\/comments?post=339454"}],"version-history":[{"count":0,"href":"https:\/\/www.europesays.com\/fr\/wp-json\/wp\/v2\/posts\/339454\/revisions"}],"wp:featuredmedia":[{"embeddable":true,"href":"https:\/\/www.europesays.com\/fr\/wp-json\/wp\/v2\/media\/339455"}],"wp:attachment":[{"href":"https:\/\/www.europesays.com\/fr\/wp-json\/wp\/v2\/media?parent=339454"}],"wp:term":[{"taxonomy":"category","embeddable":true,"href":"https:\/\/www.europesays.com\/fr\/wp-json\/wp\/v2\/categories?post=339454"},{"taxonomy":"post_tag","embeddable":true,"href":"https:\/\/www.europesays.com\/fr\/wp-json\/wp\/v2\/tags?post=339454"}],"curies":[{"name":"wp","href":"https:\/\/api.w.org\/{rel}","templated":true}]}}