{"id":339456,"date":"2025-08-23T23:07:14","date_gmt":"2025-08-23T23:07:14","guid":{"rendered":"https:\/\/www.europesays.com\/fr\/339456\/"},"modified":"2025-08-23T23:07:14","modified_gmt":"2025-08-23T23:07:14","slug":"selon-christine-lagarde-laugmentation-de-travailleurs-etrangers-a-stimule-leconomie-europeenne","status":"publish","type":"post","link":"https:\/\/www.europesays.com\/fr\/339456\/","title":{"rendered":"Selon Christine Lagarde, l\u2019augmentation de travailleurs \u00e9trangers a stimul\u00e9 l\u2019\u00e9conomie europ\u00e9enne"},"content":{"rendered":"<p>La pr\u00e9sidente de la Banque centrale europ\u00e9enne (BCE), <a class=\"Link\" href=\"https:\/\/www.lepoint.fr\/monde\/l-euro-peut-detroner-le-dollar-a-certaines-conditions-30-05-2025-2590837_24.php\" title=\"\" data-gtm=\"click:capsule\" data-capsule=\"Lien\" target=\"_blank\" rel=\"noopener\">Christine Lagarde<\/a>, est cat\u00e9gorique\u00a0: l&rsquo;afflux de travailleurs \u00e9trangers a stimul\u00e9 l&rsquo;\u00e9conomie de la zone euro ces derni\u00e8res ann\u00e9es. Selon elle, ces derniers contribuent \u00e0 compenser la r\u00e9duction du temps de travail et la baisse des salaires r\u00e9els sur le Vieux Continent.<\/p>\n<p>Elle s&rsquo;est ainsi exprim\u00e9e samedi 23\u00a0ao\u00fbt \u00e0 l&rsquo;occasion d&rsquo;un discours prononc\u00e9 au symposium annuel de la <a class=\"Link\" href=\"https:\/\/www.lepoint.fr\/monde\/qui-est-jerome-powell-le-patron-de-la-fed-sur-qui-trump-dit-tout-et-n-importe-quoi-17-07-2025-2594602_24.php\" title=\"\" data-gtm=\"click:capsule\" data-capsule=\"Lien\" target=\"_blank\" rel=\"noopener\">R\u00e9serve f\u00e9d\u00e9rale<\/a> \u00e0 Jackson Hole, dans l&rsquo;\u00c9tat du Wyoming, aux \u00c9tats-Unis. Cet \u00e9v\u00e9nement, scrut\u00e9 de pr\u00e8s par les experts de la politique mon\u00e9taire et qui a d\u00e9but\u00e9 deux jours plus t\u00f4t, rassemble les banquiers centraux du monde entier.<\/p>\n<p>Ils se sont rassembl\u00e9s autour du th\u00e8me \u00ab\u00a0Les march\u00e9s du travail en transition\u00a0: d\u00e9mographie, productivit\u00e9 et politique macro\u00e9conomique\u00a0\u00bb, choisi pour cette \u00e9dition 2025, peut-on lire sur le site de la R\u00e9serve f\u00e9d\u00e9rale de <a class=\"Link\" href=\"https:\/\/www.kansascityfed.org\/research\/jackson-hole-economic-symposium\/about-jackson-hole-economic-symposium\/\" target=\"_blank\" title=\"\" data-gtm=\"click:capsule\" data-capsule=\"Lien\" rel=\"noopener\">Kansas City<\/a>.<\/p>\n<p>Une augmentation de la population malgr\u00e9 la baisse des naissances<\/p>\n<p>\u00ab\u00a0M\u00eame s&rsquo;ils ne repr\u00e9sentent qu&rsquo;environ 9\u00a0% de la force de travail totale en 2022, les travailleurs \u00e9trangers ont contribu\u00e9 \u00e0 la moiti\u00e9 de la croissance ces trois derni\u00e8res ann\u00e9es\u00a0\u00bb, a d\u00e9clar\u00e9 <a class=\"Link\" href=\"https:\/\/www.lepoint.fr\/tags\/christine-lagarde\" data-gtm=\"click:capsule\" data-capsule=\"Lien\" target=\"_blank\" rel=\"noopener\">Christine Lagarde<\/a>. \u00ab\u00a0Sans cette contribution, les conditions du march\u00e9 du travail seraient plus tendues et la production plus faible.\u00a0\u00bb<\/p>\n<p>En d\u00e9pit d&rsquo;une baisse des naissances, l&rsquo;immigration a permis \u00e0 l&rsquo;Europe de voir sa population augmenter \u00e0 un niveau record avec 450,4\u00a0millions d&rsquo;habitants en 2024, mais les diff\u00e9rents gouvernements ont mis en place des politiques pour limiter les arriv\u00e9es.<\/p>\n<p>Des visions qui s&rsquo;opposent en Europe<\/p>\n<p>\n\u00c0 D\u00e9couvrir<br \/>\n<strong class=\"discover-kangourou__line\"><br \/>\n<img decoding=\"async\" class=\"discover-kangourou__img\" src=\"https:\/\/static.lpnt.fr\/static\/img\/kangourou\/kangourou_filled.svg\"\/><br \/>\n<strong class=\"discover-kangourou__txt\"><br \/>\n<strong>Le Kangourou du jour<\/strong><br \/>\n<a href=\"https:\/\/kangourou.lepoint.fr\" title=\"kangourou\" data-gtm-cta=\"kangourou_article\" class=\"discover-kangourou__lnk\" target=\"_blank\" rel=\"noopener\"><br \/>\nR\u00e9pondre<br \/>\n<\/a><br \/>\n<\/strong><br \/>\n<\/strong><br \/>\nChristine Lagarde attribue \u00e0 l&rsquo;afflux de main-d&rsquo;\u0153uvre \u00e9trang\u00e8re la bonne sant\u00e9 de l&rsquo;\u00e9conomie espagnole depuis la fin de la pand\u00e9mie de Covid-19. Celle-ci avait en effet affich\u00e9 une croissance de 3,2\u00a0% en 2024. Le pays de la p\u00e9ninsule Ib\u00e9rique avait par ailleurs annonc\u00e9 l&rsquo;examen d&rsquo;un texte permettant la r\u00e9gularisation de 500\u00a0000 migrants, rapportait <a class=\"Link\" href=\"https:\/\/www.radiofrance.fr\/franceinfo\/podcasts\/echos-du-monde\/immigration-l-espagne-examine-un-projet-de-loi-qui-pourrait-permettre-de-regulariser-500-000-migrants-4347747\" target=\"_blank\" title=\"\" data-gtm=\"click:capsule\" data-capsule=\"Lien\" rel=\"noopener\">franceinfo<\/a> en mai dernier. Il s&rsquo;agit d&rsquo;une position\u00a0radicalement oppos\u00e9e \u00e0 celle de nombreux autres pays europ\u00e9ens, comme nos voisins allemands.<\/p>\n<p>Parall\u00e8lement, la pr\u00e9sidente de la BCE avance que le produit int\u00e9rieur brut allemand serait inf\u00e9rieur d&rsquo;environ 6\u00a0% \u00e0 celui de 2019, notamment en raison de la politique migratoire du pays. Face \u00e0 des \u00e9lectorats qui se tournent de plus en plus vers des partis d&rsquo;extr\u00eame droite, plusieurs capitales europ\u00e9ennes ont pris des mesures pour combattre l&rsquo;immigration. Le nouveau gouvernement allemand du chancelier Friedrich Merz a suspendu le regroupement familial et les programmes de r\u00e9installation afin d&rsquo;attirer une partie de l&rsquo;\u00e9lectorat du parti d&rsquo;extr\u00eame droite Alternative pour l&rsquo;Allemagne (<a class=\"Link\" href=\"https:\/\/www.lepoint.fr\/monde\/l-afd-premier-parti-d-allemagne-friedrich-merz-deja-sous-pression-24-04-2025-2588125_24.php\" title=\"\" data-gtm=\"click:capsule\" data-capsule=\"Lien\" target=\"_blank\" rel=\"noopener\">AfD<\/a>).<\/p>\n<p>Toute l\u2019actualit\u00e9 \u00e0 1\u20ac le premier mois<\/p>\n<p><a href=\"https:\/\/abo.lepoint.fr\/?provenance=21EDI020098\" class=\"btn\" title=\"S&#039;abonner\" data-gtm=\"click:abo|display:abo\" data-campaign=\"paywall_maison\" target=\"_blank\" rel=\"noopener\">S&rsquo;abonner<\/a><\/p>\n<p>ou<\/p>\n","protected":false},"excerpt":{"rendered":"La pr\u00e9sidente de la Banque centrale europ\u00e9enne (BCE), Christine Lagarde, est cat\u00e9gorique\u00a0: l&rsquo;afflux de travailleurs \u00e9trangers a stimul\u00e9&hellip;\n","protected":false},"author":2,"featured_media":339457,"comment_status":"","ping_status":"","sticky":false,"template":"","format":"standard","meta":{"footnotes":""},"categories":[1586],"tags":[11,44137,25440,73,1777,674,1011,27,12,25],"class_list":{"0":"post-339456","1":"post","2":"type-post","3":"status-publish","4":"format-standard","5":"has-post-thumbnail","7":"category-europe","8":"tag-actualites","9":"tag-banque-centrale-europeenne","10":"tag-christine-lagarde","11":"tag-etats-unis","12":"tag-eu","13":"tag-europe","14":"tag-fr","15":"tag-france","16":"tag-news","17":"tag-republique-francaise"},"share_on_mastodon":{"url":"https:\/\/pubeurope.com\/@fr\/115080596442814288","error":""},"_links":{"self":[{"href":"https:\/\/www.europesays.com\/fr\/wp-json\/wp\/v2\/posts\/339456","targetHints":{"allow":["GET"]}}],"collection":[{"href":"https:\/\/www.europesays.com\/fr\/wp-json\/wp\/v2\/posts"}],"about":[{"href":"https:\/\/www.europesays.com\/fr\/wp-json\/wp\/v2\/types\/post"}],"author":[{"embeddable":true,"href":"https:\/\/www.europesays.com\/fr\/wp-json\/wp\/v2\/users\/2"}],"replies":[{"embeddable":true,"href":"https:\/\/www.europesays.com\/fr\/wp-json\/wp\/v2\/comments?post=339456"}],"version-history":[{"count":0,"href":"https:\/\/www.europesays.com\/fr\/wp-json\/wp\/v2\/posts\/339456\/revisions"}],"wp:featuredmedia":[{"embeddable":true,"href":"https:\/\/www.europesays.com\/fr\/wp-json\/wp\/v2\/media\/339457"}],"wp:attachment":[{"href":"https:\/\/www.europesays.com\/fr\/wp-json\/wp\/v2\/media?parent=339456"}],"wp:term":[{"taxonomy":"category","embeddable":true,"href":"https:\/\/www.europesays.com\/fr\/wp-json\/wp\/v2\/categories?post=339456"},{"taxonomy":"post_tag","embeddable":true,"href":"https:\/\/www.europesays.com\/fr\/wp-json\/wp\/v2\/tags?post=339456"}],"curies":[{"name":"wp","href":"https:\/\/api.w.org\/{rel}","templated":true}]}}