{"id":339464,"date":"2025-08-23T23:11:17","date_gmt":"2025-08-23T23:11:17","guid":{"rendered":"https:\/\/www.europesays.com\/fr\/339464\/"},"modified":"2025-08-23T23:11:17","modified_gmt":"2025-08-23T23:11:17","slug":"escudero-frappe-fort-des-bleues-du-rugby-encore-trop-crispees-les-tops-et-flops","status":"publish","type":"post","link":"https:\/\/www.europesays.com\/fr\/339464\/","title":{"rendered":"Escudero frappe fort, des Bleues du rugby encore trop crisp\u00e9es&#8230; Les tops et flops"},"content":{"rendered":"<p>Ce samedi \u00e0 Exeter, les Bleues ont facilement dispos\u00e9 des Italiennes, 24-0, et entrent de la meilleure des mani\u00e8res dans leur Coupe du monde. D\u00e9couvrez ce qui a retenu l\u2019attention de la r\u00e9daction du Figaro.<\/p>\n<p class=\"fig-paragraph\"><strong>TOPS<\/strong><\/p>\n<p>Joanna Grisez a tenu son rang<\/p>\n<p class=\"fig-paragraph\">On vous la pr\u00e9sentait dans nos colonnes comme l\u2019une des joueuses \u00e0 suivre de cette Coupe du monde 2025. Joanna Grisez a r\u00e9pondu pr\u00e9sente sur la pelouse du Sandy Park d\u2019Exeter, \u00e0 l\u2019occasion de\u00a0<a href=\"http:\/\/www.lefigaro.fr\/sports\/rugby\/xv-de-france\/coupe-du-monde-feminine-de-rugby-les-bleues-lancent-parfaitement-leur-mondial-par-une-victoire-sur-l-italie-20250823\" data-fig-type=\"NewsFlash\" data-gtm-custom-categorie=\"navigation\" data-gtm-custom-action=\"crossclick\" data-gtm-custom-label=\"Contextuel\" data-gtm-event=\"customEventSPE\" data-fig-domain=\"LEFIGARO\" target=\"_blank\" rel=\"noopener\">l\u2019entr\u00e9e en lice des Fran\u00e7aises face \u00e0 l\u2019Italie.\u00a0<\/a>Premier rayon de soleil de l\u2019aventure tricolore, c\u2019est elle qui a d\u00e9bloqu\u00e9 la situation dans une premi\u00e8re p\u00e9riode brouillonne et ennuyeuse. Un essai en solitaire de quarante m\u00e8tres, en prenant toute la d\u00e9fense italienne de vitesse avant de terminer dans l\u2019en-but. Pour le reste, la Bordelaise a \u00e9t\u00e9 appliqu\u00e9e, en jambes et termine la rencontre avec une ligne de statistiques int\u00e9ressantes\u00a0: dix courses, un ballon gratt\u00e9 et un franchissement. Et cette derni\u00e8re devrait, comme ses co\u00e9quipi\u00e8res, monter en puissance au fil de la comp\u00e9tition.<\/p>\n<p class=\"fig-body-link\">\n            \u00c0 lire aussi<br \/>\n        <a class=\"fig-body-link__link\" href=\"http:\/\/www.lefigaro.fr\/sports\/rugby\/fall-arbez-grisez-les-5-francaises-a-suivre-durant-la-coupe-du-monde-de-rugby-feminine-20250821\" data-fig-type=\"NewsFlash\" data-gtm-custom-categorie=\"navigation\" data-gtm-custom-action=\"crossclick\" data-gtm-custom-label=\"Contextuel\" data-gtm-event=\"customEventSPE\" data-fig-domain=\"LEFIGARO\" target=\"_blank\" rel=\"noopener\">Fall, Arbez, Grisez\u2026 Les 5 Fran\u00e7aises \u00e0 suivre durant la Coupe du monde f\u00e9minine de rugby<br \/>\n    <\/a>\n<\/p>\n<p>                                    <a class=\"fig-a11y-skip a11y-hidden\" href=\"#fig-a11y-skip-main-inarticle\"><br \/>\n        Passer la publicit\u00e9<br \/>\n    <\/a><\/p>\n<p>Charlotte Escudero la combattante<\/p>\n<p class=\"fig-paragraph\">Quelle performance XXL de la troisi\u00e8me-ligne toulousaine. Si les Bleues n\u2019ont pas \u00e9t\u00e9 tr\u00e8s pr\u00e9cises et appliqu\u00e9es techniquement pour leur entr\u00e9e en lice, elles ont eu le m\u00e9rite de r\u00e9pondre pr\u00e9sentes dans l\u2019engagement et le combat. Dans ces registres, Charlotte Escudero n\u2019a laiss\u00e9 que des miettes \u00e0 ses adversaires. Neuf courses, dix-huit plaquages (record du match\u00a0!) et surtout quatre ballons gagn\u00e9s dans les zones de rucks, la Tricolore a tout simplement \u00e9t\u00e9 \u00e9patante ce samedi soir dans l\u2019ouest de l\u2019Angleterre. En prime, elle a sign\u00e9 le troisi\u00e8me essai de l\u2019\u00e9quipe de France, en puissance, pour sceller le sort de cette rencontre.<\/p>\n<p>Une m\u00eal\u00e9e dominante<\/p>\n<p class=\"fig-paragraph\">Le grand point positif de la soir\u00e9e au niveau collectif. Les filles de Ga\u00eblle Mignot et David Ortiz (co-s\u00e9lectionneurs) ont \u00e9t\u00e9 imp\u00e9riales dans le secteur de la m\u00eal\u00e9e ferm\u00e9e avec un 100% r\u00e9alis\u00e9. Gr\u00e2ce \u00e0 une premi\u00e8re ligne tr\u00e8s solide compos\u00e9e de Brosseau, Bigot et Khalfaoui (notamment auteure du deuxi\u00e8me essai du soir), les Bleues ont r\u00e9cup\u00e9r\u00e9 plusieurs p\u00e9nalit\u00e9s en mettant au supplice le paquet d\u2019avants des Transalpines. Une tr\u00e8s bonne nouvelle en vue d\u2019un possible affrontement face aux Anglaises, grandes favorites de la comp\u00e9tition, en demi-finale.<\/p>\n<p class=\"fig-body-link\">\n            \u00c0 lire aussi<br \/>\n        <a class=\"fig-body-link__link fig-premium-mark\" href=\"http:\/\/www.lefigaro.fr\/sports\/rugby\/6-nations\/chasseur-alpin-pompier-rugby-a-23-ans-l-itineraire-peu-commun-de-manon-bigot-la-talonneuse-de-l-equipe-de-france-20250426\" data-fig-type=\"NewsFlash\" data-gtm-custom-categorie=\"navigation\" data-gtm-custom-action=\"crossclick\" data-gtm-custom-label=\"Contextuel\" data-gtm-event=\"customEventSPE\" data-fig-domain=\"LEFIGARO\" target=\"_blank\" rel=\"noopener\">Chasseur alpin, pompier, rugby \u00e0 23 ans\u2026 L\u2019itin\u00e9raire peu commun de Manon Bigot, la talonneuse de l\u2019\u00e9quipe de France<br \/>\n    <\/a>\n<\/p>\n<p class=\"fig-paragraph\"><strong>FLOPS<\/strong><\/p>\n<p>Des Bleues encore trop crisp\u00e9es<\/p>\n<p class=\"fig-paragraph\">Si elles ont fait le travail en s\u2019imposant, 24-0, pour bien entrer dans cette Coupe du monde, tout n\u2019a pas \u00e9t\u00e9 parfait pour Marine M\u00e9nager et les siennes. La premi\u00e8re p\u00e9riode, notamment, a \u00e9t\u00e9 bien trop brouillonne avec nombre important de ballons perdus, un syst\u00e8me encore poussif et des impr\u00e9cisions. Sur leur derni\u00e8re occasion, Feleu et ses co\u00e9quipi\u00e8res auraient pu d\u00e9crocher un bonus offensif important en vue de la qualification, avant d\u2019\u00e9chapper le ballon dans l\u2019alignement, \u00e0 l\u2019image de leur premi\u00e8re sortie. Il faudra \u00e9videmment trouver des automatismes au fur et \u00e0 mesure de cette comp\u00e9tition, et on a peu de doutes sur la capacit\u00e9 de ce groupe \u00e0 \u00e9lever son niveau de jeu quand l\u2019instant le demandera, notamment lors de la phase finale.<\/p>\n<p>Carla Arbey un ton en dessous<\/p>\n<p class=\"fig-paragraph\">Sur l\u2019aile droite, Joanna Grisez a r\u00e9alis\u00e9 un match de patronne en ouvrant notamment le score aux alentours de la demi-heure de jeu. Sur le c\u00f4t\u00e9 gauche de cette \u00e9quipe de France, Carla Arbey a eu plus de mal \u00e0 trouver ses marques dans cette rencontre. La Bordelaise a notamment perdu deux ballons et n\u2019a pas toujours \u00e9t\u00e9 dans l\u2019avanc\u00e9e. Mais on ne lui en tiendra pas rigueur, vu la difficult\u00e9 de ce premier match et la crispation qui entourait certainement le groupe tricolore.<\/p>\n","protected":false},"excerpt":{"rendered":"Ce samedi \u00e0 Exeter, les Bleues ont facilement dispos\u00e9 des Italiennes, 24-0, et entrent de la meilleure des&hellip;\n","protected":false},"author":2,"featured_media":339465,"comment_status":"","ping_status":"","sticky":false,"template":"","format":"standard","meta":{"footnotes":""},"categories":[4],"tags":[11,13070,1011,27,12,25,12042],"class_list":{"0":"post-339464","1":"post","2":"type-post","3":"status-publish","4":"format-standard","5":"has-post-thumbnail","7":"category-france","8":"tag-actualites","9":"tag-coupe-du-monde-de-rugby-feminine","10":"tag-fr","11":"tag-france","12":"tag-news","13":"tag-republique-francaise","14":"tag-rugby-feminin"},"share_on_mastodon":{"url":"https:\/\/pubeurope.com\/@fr\/115080611932284085","error":""},"_links":{"self":[{"href":"https:\/\/www.europesays.com\/fr\/wp-json\/wp\/v2\/posts\/339464","targetHints":{"allow":["GET"]}}],"collection":[{"href":"https:\/\/www.europesays.com\/fr\/wp-json\/wp\/v2\/posts"}],"about":[{"href":"https:\/\/www.europesays.com\/fr\/wp-json\/wp\/v2\/types\/post"}],"author":[{"embeddable":true,"href":"https:\/\/www.europesays.com\/fr\/wp-json\/wp\/v2\/users\/2"}],"replies":[{"embeddable":true,"href":"https:\/\/www.europesays.com\/fr\/wp-json\/wp\/v2\/comments?post=339464"}],"version-history":[{"count":0,"href":"https:\/\/www.europesays.com\/fr\/wp-json\/wp\/v2\/posts\/339464\/revisions"}],"wp:featuredmedia":[{"embeddable":true,"href":"https:\/\/www.europesays.com\/fr\/wp-json\/wp\/v2\/media\/339465"}],"wp:attachment":[{"href":"https:\/\/www.europesays.com\/fr\/wp-json\/wp\/v2\/media?parent=339464"}],"wp:term":[{"taxonomy":"category","embeddable":true,"href":"https:\/\/www.europesays.com\/fr\/wp-json\/wp\/v2\/categories?post=339464"},{"taxonomy":"post_tag","embeddable":true,"href":"https:\/\/www.europesays.com\/fr\/wp-json\/wp\/v2\/tags?post=339464"}],"curies":[{"name":"wp","href":"https:\/\/api.w.org\/{rel}","templated":true}]}}