{"id":339466,"date":"2025-08-23T23:14:13","date_gmt":"2025-08-23T23:14:13","guid":{"rendered":"https:\/\/www.europesays.com\/fr\/339466\/"},"modified":"2025-08-23T23:14:13","modified_gmt":"2025-08-23T23:14:13","slug":"le-club-recupere-un-atout-offensif-sorti-de-linfirmerie","status":"publish","type":"post","link":"https:\/\/www.europesays.com\/fr\/339466\/","title":{"rendered":"le club r\u00e9cup\u00e8re un atout offensif sorti de l\u2019infirmerie"},"content":{"rendered":"<p>Antoine Dupont est toujours attendu. Mais le demi de m\u00eal\u00e9e est encore en phase de r\u00e9\u00e9ducation. Il est sur le chemin de retour et joue d\u00e9j\u00e0 balle au pied. Le Stade Toulousain va devoir se montrer patient avec lui. En attendant, le club a pu se r\u00e9jouir du retour \u00e0 l&rsquo;entra\u00eenement de Romain Ntamack.<\/p>\n<p>\u00a0<\/p>\n<p>Un comeback en cache un autre. Selon les informations rapport\u00e9es par La D\u00e9p\u00eache, le Stade Toulousain vient d&rsquo;enregistrer le retour de blessure d&rsquo;un \u00e9l\u00e9ment important de l&rsquo;effectif. Il s&rsquo;agit de l&rsquo;Italien Ange Capuozzo, indisponible depuis plusieurs semaines. Celui-ci a d&rsquo;ailleurs manqu\u00e9 la finale du Top 14 la saison derni\u00e8re.<\/p>\n<p>\u00a0<\/p>\n<p>Un profil explosif pour relancer l\u2019attaque<\/p>\n<p>\u00a0<\/p>\n<p>Ange Capuozzo r\u00e9int\u00e8gre l\u2019effectif toulousain. L\u2019arri\u00e8re international italien, frein\u00e9 par une blessure \u00e0 la main contract\u00e9e en fin de saison derni\u00e8re, a repris l\u2019entra\u00eenement collectif \u00e0 Ernest-Wallon. Ce retour marque une \u00e9tape importante dans la mont\u00e9e en puissance du groupe rouge et noir, qui sort d\u2019un stage en Bretagne ponctu\u00e9 par une d\u00e9faite face \u00e0 Vannes (33-28).<\/p>\n<p>\u00a0<\/p>\n<p>Capuozzo n\u2019est pas un joueur comme les autres. Sa capacit\u00e9 \u00e0 casser les lignes, ses appuis d\u00e9routants et son flair offensif serviront en attendant de retrouver en font un atout rare dans l\u2019arsenal toulousain. En son absence, le staff avait d\u00fb composer sans plusieurs cadres, repos\u00e9s lors du match de gala \u00e0 Guingamp.<\/p>\n<p>\u00a0<\/p>\n<p>Un gros d\u00e9fi \u00e0 l&rsquo;horizon<\/p>\n<p>\u00a0<\/p>\n<p>Le retour de Capuozzo, en parall\u00e8le de ceux de Ramos, Ntamack ou Jelonch, redonne au club une profondeur strat\u00e9gique pr\u00e9cieuse \u00e0 l\u2019approche des \u00e9ch\u00e9ances majeures. Si la concurrence est forte \u00e0 l\u2019arri\u00e8re avec Mallia, Kinghorn et Ramos, Capuozzo reste un profil singulier. Souvent perturb\u00e9 par les blessures, retrouver la r\u00e9gularit\u00e9 reste l&rsquo;un de ses grand d\u00e9fis pour la saison.<\/p>\n<p>Partagez cette info avec vos amis et vos proches en cliquant ici<br \/>Pour r\u00e9sumer<\/p>\n<p>Ange Capuozzo, de retour \u00e0 l&rsquo;entra\u00eenement avec le Stade Toulousain apr\u00e8s une blessure \u00e0 la main, renforce l&rsquo;effectif offensif. Sa reprise intervient alors que le club sort d\u2019un stage en Bretagne et pr\u00e9pare la relance collective \u00e0 Ernest-Wallon.<\/p>\n<p> <img decoding=\"async\" width=\"76\" height=\"76\" loading=\"lazy\" src=\"https:\/\/www.europesays.com\/fr\/wp-content\/uploads\/2025\/04\/avatar-quinze.png\" alt=\"Voldi Fr\u00e9jus\u00a0Hounvio\"\/><\/p>\n","protected":false},"excerpt":{"rendered":"Antoine Dupont est toujours attendu. Mais le demi de m\u00eal\u00e9e est encore en phase de r\u00e9\u00e9ducation. Il est&hellip;\n","protected":false},"author":2,"featured_media":339467,"comment_status":"","ping_status":"","sticky":false,"template":"","format":"standard","meta":{"footnotes":""},"categories":[1416],"tags":[1011,27,479,1468,60],"class_list":{"0":"post-339466","1":"post","2":"type-post","3":"status-publish","4":"format-standard","5":"has-post-thumbnail","7":"category-rugby","8":"tag-fr","9":"tag-france","10":"tag-rugby","11":"tag-rugby-football","12":"tag-sports"},"share_on_mastodon":{"url":"https:\/\/pubeurope.com\/@fr\/115080623804336233","error":""},"_links":{"self":[{"href":"https:\/\/www.europesays.com\/fr\/wp-json\/wp\/v2\/posts\/339466","targetHints":{"allow":["GET"]}}],"collection":[{"href":"https:\/\/www.europesays.com\/fr\/wp-json\/wp\/v2\/posts"}],"about":[{"href":"https:\/\/www.europesays.com\/fr\/wp-json\/wp\/v2\/types\/post"}],"author":[{"embeddable":true,"href":"https:\/\/www.europesays.com\/fr\/wp-json\/wp\/v2\/users\/2"}],"replies":[{"embeddable":true,"href":"https:\/\/www.europesays.com\/fr\/wp-json\/wp\/v2\/comments?post=339466"}],"version-history":[{"count":0,"href":"https:\/\/www.europesays.com\/fr\/wp-json\/wp\/v2\/posts\/339466\/revisions"}],"wp:featuredmedia":[{"embeddable":true,"href":"https:\/\/www.europesays.com\/fr\/wp-json\/wp\/v2\/media\/339467"}],"wp:attachment":[{"href":"https:\/\/www.europesays.com\/fr\/wp-json\/wp\/v2\/media?parent=339466"}],"wp:term":[{"taxonomy":"category","embeddable":true,"href":"https:\/\/www.europesays.com\/fr\/wp-json\/wp\/v2\/categories?post=339466"},{"taxonomy":"post_tag","embeddable":true,"href":"https:\/\/www.europesays.com\/fr\/wp-json\/wp\/v2\/tags?post=339466"}],"curies":[{"name":"wp","href":"https:\/\/api.w.org\/{rel}","templated":true}]}}