{"id":339468,"date":"2025-08-23T23:15:13","date_gmt":"2025-08-23T23:15:13","guid":{"rendered":"https:\/\/www.europesays.com\/fr\/339468\/"},"modified":"2025-08-23T23:15:13","modified_gmt":"2025-08-23T23:15:13","slug":"la-poisse-darthur-cazaux-pas-repeche-dans-le-tableau-principal-de-lus-open-lequipe","status":"publish","type":"post","link":"https:\/\/www.europesays.com\/fr\/339468\/","title":{"rendered":"La poisse d&#039;Arthur Cazaux, pas rep\u00each\u00e9 dans le tableau principal de l&#039;US Open &#8211; L&#039;\u00c9quipe"},"content":{"rendered":"<ol>\n<li><a href=\"https:\/\/news.google.com\/rss\/articles\/CBMiwwFBVV95cUxPdlRKUmg1ZzZOYWltbG5PaXNacVljckRxVnNCb0pla1prd0k3SU1Kd2xJeFRBdnIxNU5PWU84TW5taGc0NTZGY2E2NVlSVXBpSnNLREJpX0NNdjR5c1B5WFV2RXlpbzYxUmlBR2NQOWRHWi0tc2VOclIycTAzelB3eFZXNlRfY0tFYVMwR2lkRVExRE92VWtEd1czWEtlcFhXVFBuM05ZWDF6VWxKUjdqOEt1SnNjZklUT0hVclZfLV9LVDQ?oc=5\" target=\"_blank\" rel=\"nofollow noopener\">La poisse d&rsquo;Arthur Cazaux, pas rep\u00each\u00e9 dans le tableau principal de l&rsquo;US Open<\/a>&nbsp;&nbsp;L&rsquo;\u00c9quipe<\/li>\n<li><a href=\"https:\/\/news.google.com\/rss\/articles\/CBMipwFBVV95cUxNU1owOTRWQ2JrU1FpczNHLWp6cWNZb3BKaEYyN0N3Y3pLX0wxaTVTRndXZjJaVGU5eTdFN3pienJTb0lYNURYU2tkRHF6Sm1KU0lRYS15LUk3QUstZVo2ZWE4NnRHQlFGTjV1UUVNd0xLRnZjVGJIc293djd2UUhzazI4UFU4YVJnRTNaU1JxMTQ2TkJMREVIM0xZTDdRNEpvTFNBVEVvWdIBpgFBVV95cUxONl82dEFMNGNNazdNVTVVaWRWQnVLYV8wWnJvZC15aDhZX2U4aFJkeFRIM1pMYWd2emNXc0s3WDA0djkxbHF0RjVrTFA1RkR5d0ZuNThKUHhOZHZVal9ZNDJDN3R4ZXZ5S2IwX2RkNV9CSGJKSkRkOFpHdmJ2ZHZqaC11bElBcnFRVGtUalJMeUZyR3FPcXluYndaXzJLWW5NREhGczhn?oc=5\" target=\"_blank\" rel=\"nofollow noopener\">US Open (Q) : Les r\u00e9sultats des Fran\u00e7ais<\/a>&nbsp;&nbsp;Orange Actualit\u00e9s | Sports<\/li>\n<li><a href=\"https:\/\/news.google.com\/rss\/articles\/CBMif0FVX3lxTE5ZdXZzQzhpUUk5SFEzUUh2MDhWRXY2OFFEcEJlZkFnZXJVd1JjRktURnVyNlBoYTVQV2EyNmJKdEgtRUJhY0hMLUJSSG84ZHJwT0x3OXRVVjMyeDdwTkNuOUhCNDRENEN3ekFvb184YzM3bHlEczdIYm8yREk0V00?oc=5\" target=\"_blank\" rel=\"nofollow noopener\">US Open : Ugo Blanchet franchit les qualifications<\/a>&nbsp;&nbsp;F\u00e9d\u00e9ration Fran\u00e7aise de Tennis<\/li>\n<li><a href=\"https:\/\/news.google.com\/rss\/articles\/CBMi6gFBVV95cUxOV1ZTU2hUdlZlM2pzdGdpdS16M1lnVkpuejQ1T2x1dlJZNnB6Y0ZORGZOLTJrM0xxT3BWY0dvUFFCdzNvZ04wWDQyS0N6WEVwU3oyR29xMEhJdDFOZTBuNlMtVHFQM0xLV0RTckVER2lUb1JYQnlTdDZyTVc4dmhhWVI1U3BZYmNWclJZaVBuQi16ZVNMMGtNWFQyc1pOWlNxNUt3YnhiMW5nazRmWjRXNGZTemNyN3dVRGFSUWtsQUFNSVYtejVjMzB6NWFfVGtGSEF3eDllbWt3TnczSmt0Rmw2OFBuby1DMFE?oc=5\" target=\"_blank\" rel=\"nofollow noopener\">US Open : \u00e0 moins d\u2019un miracle, il n\u2019y aura pas de Grand Chelem am\u00e9ricain pour le Montpelli\u00e9rain Arthur Cazaux<\/a>&nbsp;&nbsp;Midi Libre<\/li>\n<li><a href=\"https:\/\/news.google.com\/rss\/articles\/CBMi6wFBVV95cUxOYk9JZDBVWnZWTHdZT1NuYU42UVBTcHE3NFFhUzZ1OU56QWtUeVg2QWE1THBWanJGV2tQUm1Uc2F4VWZFc1BzNFBsY3F3cjY2V1R6THh0cjc2My15UXFKRk9QZm90azc0bGRLRE1paUR0aWpXM1Bxbks0c3dHME03QUN5dG9rb0tSYjFCRkFQZWxIMks5Qk5pdk1mLXNJbDh4Rk45QVFoS1dIa2xGaVZVRTU5V0pFMFIwZ0xiOWNDMFJOX1BLT253V25WRGhLRF84aXVaUncxODdsSEFpTW5Ua3V6OVpfcm1TSi1v?oc=5\" target=\"_blank\" rel=\"nofollow noopener\">US Open : le Fran\u00e7ais Ugo Blanchet seul rescap\u00e9 des qualifications, 17 tricolores dans le tableau final<\/a>&nbsp;&nbsp;Le Figaro<\/li>\n<\/ol>\n","protected":false},"excerpt":{"rendered":"La poisse d&rsquo;Arthur Cazaux, pas rep\u00each\u00e9 dans le tableau principal de l&rsquo;US Open&nbsp;&nbsp;L&rsquo;\u00c9quipe US Open (Q) : Les&hellip;\n","protected":false},"author":2,"featured_media":339469,"comment_status":"","ping_status":"","sticky":false,"template":"","format":"standard","meta":{"footnotes":""},"categories":[1415],"tags":[1011,27,60,1467],"class_list":{"0":"post-339468","1":"post","2":"type-post","3":"status-publish","4":"format-standard","5":"has-post-thumbnail","7":"category-tennis","8":"tag-fr","9":"tag-france","10":"tag-sports","11":"tag-tennis"},"share_on_mastodon":{"url":"https:\/\/pubeurope.com\/@fr\/115080627647808267","error":""},"_links":{"self":[{"href":"https:\/\/www.europesays.com\/fr\/wp-json\/wp\/v2\/posts\/339468","targetHints":{"allow":["GET"]}}],"collection":[{"href":"https:\/\/www.europesays.com\/fr\/wp-json\/wp\/v2\/posts"}],"about":[{"href":"https:\/\/www.europesays.com\/fr\/wp-json\/wp\/v2\/types\/post"}],"author":[{"embeddable":true,"href":"https:\/\/www.europesays.com\/fr\/wp-json\/wp\/v2\/users\/2"}],"replies":[{"embeddable":true,"href":"https:\/\/www.europesays.com\/fr\/wp-json\/wp\/v2\/comments?post=339468"}],"version-history":[{"count":0,"href":"https:\/\/www.europesays.com\/fr\/wp-json\/wp\/v2\/posts\/339468\/revisions"}],"wp:featuredmedia":[{"embeddable":true,"href":"https:\/\/www.europesays.com\/fr\/wp-json\/wp\/v2\/media\/339469"}],"wp:attachment":[{"href":"https:\/\/www.europesays.com\/fr\/wp-json\/wp\/v2\/media?parent=339468"}],"wp:term":[{"taxonomy":"category","embeddable":true,"href":"https:\/\/www.europesays.com\/fr\/wp-json\/wp\/v2\/categories?post=339468"},{"taxonomy":"post_tag","embeddable":true,"href":"https:\/\/www.europesays.com\/fr\/wp-json\/wp\/v2\/tags?post=339468"}],"curies":[{"name":"wp","href":"https:\/\/api.w.org\/{rel}","templated":true}]}}