{"id":339479,"date":"2025-08-23T23:22:11","date_gmt":"2025-08-23T23:22:11","guid":{"rendered":"https:\/\/www.europesays.com\/fr\/339479\/"},"modified":"2025-08-23T23:22:11","modified_gmt":"2025-08-23T23:22:11","slug":"son-appartement-parisien-decore-de-bois-et-de-metal","status":"publish","type":"post","link":"https:\/\/www.europesays.com\/fr\/339479\/","title":{"rendered":"son appartement parisien, d\u00e9cor\u00e9 de bois et de m\u00e9tal"},"content":{"rendered":"\n<p>Le com\u00e9dien et r\u00e9alisateur Pascal Elb\u00e9 habite un appartement dans le 8\u1d49 arrondissement de Paris. Selon un article de C\u00f4t\u00e9 Maison, son int\u00e9rieur, d\u00e9cor\u00e9 avec des touches de bois et de m\u00e9tal, refl\u00e8te tout \u00e0 fait ses go\u00fbts en mati\u00e8re de d\u00e9coration.<\/p>\n<p>    L\u00a0\u00bbappartement parisien de Pascal Elb\u00e9 <\/p>\n<p>C&rsquo;est en 2015, \u00e0 l&rsquo;occasion des illuminations du Faubourg Saint-Honor\u00e9, o\u00f9 il \u00e9tait ambassadeur du Comit\u00e9 Saint-Honor\u00e9, que Pascal Elb\u00e9 s&rsquo;\u00e9tait confi\u00e9 sur son int\u00e9rieur. Il explique <a href=\"https:\/\/www.lejournaldelamaison.fr\/le-journal-de-la-maison\/nouveautes\/tendances\/tendances-deco\/fini-bibliotheque-classique-voici-nouvelle-facon-ranger-livres-2025-selon-architectes-505734.html\" rel=\"nofollow noopener\" target=\"_blank\">pr\u00e9f\u00e9rer les livres<\/a> <strong>aux \u0153uvres d&rsquo;art trop visibles<\/strong>. \u00ab\u00a0Les livres vous racontent : ils sont la plus belle d\u00e9co. Ils sont en piles, c&rsquo;est le seul bordel que je m&rsquo;autorise\u00a0\u00bb, explique-t-il. Les livres pr\u00e9sents chez lui refl\u00e8tent ses go\u00fbts, sa curiosit\u00e9, <strong>mais aussi ses souvenirs<\/strong>.<\/p>\n<p>Les meubles qui se situent dans <strong>son salon ou dans sa cuisine<\/strong> ont tous \u00e9t\u00e9 choisis avec soin. C&rsquo;est un m\u00e9lange d&rsquo;\u00e9l\u00e9ments chin\u00e9s \u00e0 droite \u00e0 gauche et de pi\u00e8ces plus design. Dans l&rsquo;int\u00e9rieur de l&rsquo;acteur et r\u00e9alisateur, on peut par exemple trouver une lampe art d\u00e9co ou <a href=\"https:\/\/www.lejournaldelamaison.fr\/le-journal-de-la-maison\/piece-par-piece\/salon\/deco-salon\/canape-doit-il-obligatoirement-etre-grand-decrypte-mythe-pour-vous-502794.html\" rel=\"nofollow noopener\" target=\"_blank\">un grand canap\u00e9<\/a>, qui peut <strong>accueillir jusqu&rsquo;\u00e0 six personnes<\/strong>.<\/p>\n<p>    Pascal Elb\u00e9 : \u00ab\u00a0En vivant seul, j\u2019ai appris \u00e0 \u00eatre ordonn\u00e9\u00a0\u00bb <\/p>\n<p>Pascal Elb\u00e9 admet que son int\u00e9rieur a \u00e9t\u00e9 fa\u00e7onn\u00e9 <strong>par sa vie de solitaire<\/strong>. \u00ab\u00a0En vivant seul, j&rsquo;ai appris <a href=\"https:\/\/www.lejournaldelamaison.fr\/le-journal-de-la-maison\/petites-surfaces\/decouverte-dun-grenier-assez-vaste-toits-dune-vieille-maison-gardoise-a-permis-a-erwan-de-mettre-application-mille-bonnes-idees-a-bas-prix-realiser-demeure-pa-95039.html\" rel=\"nofollow noopener\" target=\"_blank\">\u00e0 \u00eatre ordonn\u00e9<\/a>\u00ab\u00a0, confie celui qui appr\u00e9cie son ind\u00e9pendance. Il poss\u00e8de deux t\u00e9l\u00e9visions, une dans la chambre et une dans le salon. Mais elles ne lui servent qu&rsquo;\u00e0 regarder des matchs de temps en temps <strong>ou des films avec des amis<\/strong>.<\/p>\n<p>L&rsquo;ambiance de cet appartement est tr\u00e8s particuli\u00e8re. Donnant sur le boulevard Malesherbes, il est tr\u00e8s calme et <a href=\"https:\/\/www.lejournaldelamaison.fr\/le-journal-de-la-maison\/conseils-de-pro\/astuce-grand-mere-permet-dinonder-maison-lumiere-naturelle-493732.html\" rel=\"nofollow noopener\" target=\"_blank\">la lumi\u00e8re naturelle<\/a> baigne les diff\u00e9rentes pi\u00e8ces. Ces \u00e9l\u00e9ments contribuent \u00e0 cr\u00e9er un espace dans lequel Pascal Elb\u00e9 <strong>se sent parfaitement \u00e0 l&rsquo;aise<\/strong>. Il a souhait\u00e9 que chaque objet ait sa place.<\/p>\n<blockquote class=\"instagram-media \" style=\"background: #ffffff;border: 0;margin: 1px;width: 100%;padding: 0;max-width: 500px;\" data-instgrm-permalink=\"https:\/\/www.instagram.com\/p\/BEGtXa8iP-M\/?utm_source=ig_web_copy_link&amp;igsh=MzRlODBiNWFlZA==\" data-instgrm-version=\"14\"\/><p>    Des envies de renouveau <\/p>\n<p>En 2016, l&rsquo;acteur pr\u00e9voyait <strong>d&rsquo;am\u00e9nager un tout nouvel appartement<\/strong>. Il r\u00eavait notamment d&rsquo;une grande biblioth\u00e8que, <a href=\"https:\/\/www.lejournaldelamaison.fr\/le-journal-de-la-maison\/piece-par-piece\/salon\/lart-du-billard-haut-de-gamme-elegance-et-innovation-au-coeur-de-votre-maison-472265.html\" rel=\"nofollow noopener\" target=\"_blank\">avec un billard fran\u00e7ais<\/a> au centre de la pi\u00e8ce. Pour la d\u00e9coration, il appr\u00e9cie toujours autant exp\u00e9rimenter. C&rsquo;est pour lui une mani\u00e8re d&rsquo;exprimer sa cr\u00e9ativit\u00e9. Il n&rsquo;h\u00e9site jamais \u00e0 <strong>ajouter des bouquets de fleurs<\/strong> pour colorer son salon et des souvenirs de voyage dans sa chambre.<\/p>\n<p>Quand on lui demande o\u00f9 il se procure tous ces objets, voici ce qu&rsquo;il r\u00e9pond : \u00ab\u00a0Aller chiner, choisir une lampe, une nappe&#8230; Cela me pla\u00eet mais je n&rsquo;ai pas d&rsquo;adresses attitr\u00e9es : je ne suis pas un bobo install\u00e9 ! En revanche, quand je voyage, j&rsquo;appr\u00e9cie les magasins de design, que ce soit <a href=\"https:\/\/www.lejournaldelamaison.fr\/le-journal-de-la-maison\/reportages-maisons\/appartements\/a-new-york-un-appartement-manquant-declat-renove-en-un-lieu-epure-et-lumineux-475470.html\" rel=\"nofollow noopener\" target=\"_blank\">\u00e0 New York<\/a> ou \u00e0 Florence\u00a0\u00bb.<\/p>\n<p>                <script async src=\"\/\/www.instagram.com\/embed.js\"><\/script><\/p>\n","protected":false},"excerpt":{"rendered":"Le com\u00e9dien et r\u00e9alisateur Pascal Elb\u00e9 habite un appartement dans le 8\u1d49 arrondissement de Paris. Selon un article&hellip;\n","protected":false},"author":2,"featured_media":339480,"comment_status":"","ping_status":"","sticky":false,"template":"","format":"standard","meta":{"footnotes":""},"categories":[1358],"tags":[1348,1384,1385,1386,58,59,1011,27],"class_list":{"0":"post-339479","1":"post","2":"type-post","3":"status-publish","4":"format-standard","5":"has-post-thumbnail","7":"category-arts-et-design","8":"tag-arts","9":"tag-arts-and-design","10":"tag-arts-et-design","11":"tag-design","12":"tag-divertissement","13":"tag-entertainment","14":"tag-fr","15":"tag-france"},"share_on_mastodon":{"url":"https:\/\/pubeurope.com\/@fr\/115080655356587502","error":""},"_links":{"self":[{"href":"https:\/\/www.europesays.com\/fr\/wp-json\/wp\/v2\/posts\/339479","targetHints":{"allow":["GET"]}}],"collection":[{"href":"https:\/\/www.europesays.com\/fr\/wp-json\/wp\/v2\/posts"}],"about":[{"href":"https:\/\/www.europesays.com\/fr\/wp-json\/wp\/v2\/types\/post"}],"author":[{"embeddable":true,"href":"https:\/\/www.europesays.com\/fr\/wp-json\/wp\/v2\/users\/2"}],"replies":[{"embeddable":true,"href":"https:\/\/www.europesays.com\/fr\/wp-json\/wp\/v2\/comments?post=339479"}],"version-history":[{"count":0,"href":"https:\/\/www.europesays.com\/fr\/wp-json\/wp\/v2\/posts\/339479\/revisions"}],"wp:featuredmedia":[{"embeddable":true,"href":"https:\/\/www.europesays.com\/fr\/wp-json\/wp\/v2\/media\/339480"}],"wp:attachment":[{"href":"https:\/\/www.europesays.com\/fr\/wp-json\/wp\/v2\/media?parent=339479"}],"wp:term":[{"taxonomy":"category","embeddable":true,"href":"https:\/\/www.europesays.com\/fr\/wp-json\/wp\/v2\/categories?post=339479"},{"taxonomy":"post_tag","embeddable":true,"href":"https:\/\/www.europesays.com\/fr\/wp-json\/wp\/v2\/tags?post=339479"}],"curies":[{"name":"wp","href":"https:\/\/api.w.org\/{rel}","templated":true}]}}