{"id":33948,"date":"2025-04-18T11:31:14","date_gmt":"2025-04-18T11:31:14","guid":{"rendered":"https:\/\/www.europesays.com\/fr\/33948\/"},"modified":"2025-04-18T11:31:14","modified_gmt":"2025-04-18T11:31:14","slug":"attaques-de-prisons-aucune-piste-privilegiee-ni-arrestation-a-ce-stade-annonce-le-procureur","status":"publish","type":"post","link":"https:\/\/www.europesays.com\/fr\/33948\/","title":{"rendered":"Attaques\u00a0de prisons\u00a0: aucune piste privil\u00e9gi\u00e9e, ni arrestation \u00e0 ce stade, annonce le procureur"},"content":{"rendered":"<p>Aucune piste n\u2019est privil\u00e9gi\u00e9e, a indiqu\u00e9 ce jeudi 17 avril 2025 le procureur de la R\u00e9publique antiterroriste apr\u00e8s les <a href=\"https:\/\/www.ouest-france.fr\/societe\/prison\/video-prisons-une-nuit-marquee-par-de-nouvelles-degradations-1152fb35-0d3b-412e-b63e-2a37601c6ba2\" target=\"_self\" rel=\"nofollow noopener\">attaques ayant vis\u00e9 des prisons en France<\/a> lors d\u2019au moins <a href=\"https:\/\/rennes.maville.com\/actu\/actudet_-attaques-de-prisons-emmanuel-macron-promet-que-les-auteurs-seront-retrouves-juges-et-punis-_54135-6767883_actu.Htm\" target=\"_self\" rel=\"nofollow noopener\">trois nuits cons\u00e9cutives<\/a>. <strong>\u00ab\u00a0Tout est possible, aucune piste n\u2019est ferm\u00e9e\u00a0\u00bb<\/strong>, a soulign\u00e9 Olivier Christen sur franceinfo, ajoutant qu\u2019aucune arrestation n\u2019avait \u00e9t\u00e9 faite jeudi matin.<\/p>\n<p><strong>Lire aussi\u00a0:<\/strong>\u00a0<a href=\"https:\/\/rennes.maville.com\/actu\/actudet_-entretien.-attaques-de-prisons-des-actions-spectaculaires-des-messages-contradictoires-_54135-6767767_actu.Htm\" target=\"_self\" rel=\"nofollow noopener\">ENTRETIEN. Attaques de prisons\u00a0: \u00ab\u00a0Des actions spectaculaires, des messages contradictoires\u00a0\u00bb<\/a><\/p>\n<p>Pas d\u2019arrestation<\/p>\n<p><strong>\u00ab\u00a0Il n\u2019y a pas de piste qui soit privil\u00e9gi\u00e9e\u00a0\u00bb<\/strong>, a indiqu\u00e9 le procureur. Des expertises techniques devraient remonter dans les prochaines heures ou prochains jours, comme les analyses ADN, d\u2019\u00e9coutes\u2026 <strong>\u00ab\u00a0Il y a \u00e9videmment des \u00e9l\u00e9ments qui commencent \u00e0 remonter vers telle ou telle orientation\u00a0\u00bb<\/strong>, a-t-il conc\u00e9d\u00e9. Des soup\u00e7ons se sont notamment port\u00e9s sur la piste du narcobanditisme.<\/p>\n<p><strong>\u00ab\u00a0Il n\u2019y a pas eu d\u2019arrestation au moment o\u00f9 nous parlons\u00a0\u00bb<\/strong>, a par ailleurs ajout\u00e9 le procureur de la R\u00e9publique antiterroriste.<\/p>\n<p>Selon lui,<strong> \u00ab\u00a0il n\u2019y a pas eu de fait commis cette nuit\u00a0\u00bb<\/strong>.\u00a0Au total, huit d\u00e9partements ont \u00e9t\u00e9 touch\u00e9s. Un tiers des actes ont \u00e9t\u00e9 commis dans les Bouches-du-Rh\u00f4ne, et un tiers dans la r\u00e9gion \u00cele-de-France, a-t-il pr\u00e9cis\u00e9.<\/p>\n<p>Outre les deux attaques avec des armes lourdes \u00e0 Toulon &#8211; avec une kalachnikov &#8211; et contre la maison d\u2019arr\u00eat d\u2019Aix-Luynes, le procureur a fait \u00e9tat de douze actes ayant vis\u00e9 des prisons en France depuis trois jours\u00a0: <strong>\u00ab\u00a0Deux faits contre des domiciles personnels d\u2019agents p\u00e9nitentiaires, l\u2019attaque qui a \u00e9t\u00e9 commise contre des v\u00e9hicules dans les parkings de l\u2019\u00e9cole nationale de l\u2019administration p\u00e9nitentiaire, neuf faits contre des \u00e9tablissements p\u00e9nitentiaires, dont un fait contre un \u00e9tablissement de la protection judiciaire de la jeunesse\u00a0\u00bb<\/strong>, a-t-il list\u00e9. Au total, 21\u00a0v\u00e9hicules ont \u00e9t\u00e9 incendi\u00e9s et une dizaine de v\u00e9hicules d\u00e9grad\u00e9s, outre les attaques commises avec des armes \u00e0 feu.<\/p>\n<p>Un groupe tout juste cr\u00e9\u00e9<\/p>\n<p>Dans la plupart des actions recens\u00e9es depuis dimanche, de myst\u00e9rieuses inscriptions <strong>\u00ab\u00a0DDPF\u00a0\u00bb<\/strong>, apparemment pour <strong>\u00ab\u00a0d\u00e9fense des droits des prisonniers fran\u00e7ais\u00a0\u00bb,<\/strong> ont \u00e9t\u00e9 retrouv\u00e9es.<\/p>\n<p><strong>\u00ab\u00a0C\u2019est un groupe qui n\u2019existait pas jusqu\u2019\u00e0 il y a quelques jours\u00a0\u00bb<\/strong>, a indiqu\u00e9 le procureur. <strong>\u00ab\u00a0C\u2019est un groupe qui a \u00e9t\u00e9 cr\u00e9\u00e9 sur Telegram il y a quelques jours, qui \u00e9tait compl\u00e8tement inconnu des diff\u00e9rents services de renseignements. Donc nous en savons assez peu de choses\u00a0\u00bb<\/strong>, a-t-il reconnu.<\/p>\n<p>\u00ab\u00a0\u00c7a peut \u00eatre des groupes de radicalis\u00e9s politiques, \u00e7a peut \u00eatre des groupes plus li\u00e9s \u00e0 la criminalit\u00e9 organis\u00e9e, \u00e7a peut \u00eatre aussi une convergence d\u2019objectifs avec des personnes qui se manipulent les unes des autres, tout est possible.\u00a0\u00bb<\/p>\n<p>Et sur l\u2019\u00e9ventualit\u00e9 d\u2019une ing\u00e9rence \u00e9trang\u00e8re\u00a0? <strong>\u00ab\u00a0Tout est possible, aucune piste n\u2019est ferm\u00e9e, mais il n\u2019y a pas d\u2019\u00e9l\u00e9ment au moment o\u00f9 nous parlons qui permettrait de penser que c\u2019est le cas\u00a0\u00bb<\/strong>, a r\u00e9pondu le procureur.<\/p>\n<p>Le groupe Telegram cr\u00e9\u00e9 au nom de \u00ab\u00a0DDPF\u00a0\u00bb, ayant revendiqu\u00e9 des actions, a \u00e9t\u00e9 ferm\u00e9 <strong>\u00ab\u00a0\u00e0 la demande de l\u2019autorit\u00e9 judiciaire\u00a0\u00bb<\/strong>, a confirm\u00e9 le procureur antiterroriste.<\/p>\n<p>Une action \u00ab\u00a0concert\u00e9e\u00a0\u00bb<\/p>\n<p>Il a par ailleurs justifi\u00e9 l\u2019ouverture de l\u2019enqu\u00eate sur les attaques par le parquet national antiterroriste (Pnat), \u00e9voquant une action coordonn\u00e9e. <strong>\u00ab\u00a0Le terrorisme rel\u00e8ve de plusieurs qualifications possibles, dont celle du terrorisme par intimidation, qui n\u2019est pas d\u00e9finie pr\u00e9cis\u00e9ment dans la loi, mais qui correspond \u00e0 une action d\u2019une exceptionnelle gravit\u00e9, qui a pour finalit\u00e9 de faire pression sur la population ou sur les pouvoirs publics pour qu\u2019ils fassent ou ne fassent pas quelque chose\u00a0\u00bb<\/strong>, expliqu\u00e9 Olivier Christen.<\/p>\n<p>\u00ab\u00a0Au vu des faits, on peut consid\u00e9rer que c\u2019est une qualification qui pourrait \u00eatre retenue dans la mesure o\u00f9 nous avons \u00e9t\u00e9 confront\u00e9s \u00e0 une action concert\u00e9e sur l\u2019ensemble du territoire national.\u00a0\u00bb<\/p>\n<p>Le procureur a expliqu\u00e9 que la saisie de l\u2019enqu\u00eate par le Pnat <strong>\u00ab\u00a0permet de coordonner les investigations sur tout le territoire\u00a0\u00bb<\/strong> en offrant <strong>\u00ab\u00a0des moyens sp\u00e9cifiques [\u2026] pour s\u2019assurer que tous les \u00e9l\u00e9ments utiles remontent et d\u2019avoir un seul point de pilotage des investigations\u00a0\u00bb<\/strong>.<\/p>\n<p>\u00a0<\/p>\n","protected":false},"excerpt":{"rendered":"Aucune piste n\u2019est privil\u00e9gi\u00e9e, a indiqu\u00e9 ce jeudi 17 avril 2025 le procureur de la R\u00e9publique antiterroriste apr\u00e8s&hellip;\n","protected":false},"author":2,"featured_media":33949,"comment_status":"","ping_status":"","sticky":false,"template":"","format":"standard","meta":{"footnotes":""},"categories":[9619],"tags":[1111,11,2562,2441,9821,1777,674,1011,27,12,8061,899,11196,5511,882,25,2858,2310],"class_list":{"0":"post-33948","1":"post","2":"type-post","3":"status-publish","4":"format-standard","5":"has-post-thumbnail","7":"category-toulon","8":"tag-actu","9":"tag-actualites","10":"tag-annonce","11":"tag-arrestation","12":"tag-attaques","13":"tag-eu","14":"tag-europe","15":"tag-fr","16":"tag-france","17":"tag-news","18":"tag-piste","19":"tag-prisons","20":"tag-privilegiee","21":"tag-procureur","22":"tag-provence-alpes-cote-dazur","23":"tag-republique-francaise","24":"tag-stade","25":"tag-toulon"},"share_on_mastodon":{"url":"https:\/\/pubeurope.com\/@fr\/114358746064929140","error":""},"_links":{"self":[{"href":"https:\/\/www.europesays.com\/fr\/wp-json\/wp\/v2\/posts\/33948","targetHints":{"allow":["GET"]}}],"collection":[{"href":"https:\/\/www.europesays.com\/fr\/wp-json\/wp\/v2\/posts"}],"about":[{"href":"https:\/\/www.europesays.com\/fr\/wp-json\/wp\/v2\/types\/post"}],"author":[{"embeddable":true,"href":"https:\/\/www.europesays.com\/fr\/wp-json\/wp\/v2\/users\/2"}],"replies":[{"embeddable":true,"href":"https:\/\/www.europesays.com\/fr\/wp-json\/wp\/v2\/comments?post=33948"}],"version-history":[{"count":0,"href":"https:\/\/www.europesays.com\/fr\/wp-json\/wp\/v2\/posts\/33948\/revisions"}],"wp:featuredmedia":[{"embeddable":true,"href":"https:\/\/www.europesays.com\/fr\/wp-json\/wp\/v2\/media\/33949"}],"wp:attachment":[{"href":"https:\/\/www.europesays.com\/fr\/wp-json\/wp\/v2\/media?parent=33948"}],"wp:term":[{"taxonomy":"category","embeddable":true,"href":"https:\/\/www.europesays.com\/fr\/wp-json\/wp\/v2\/categories?post=33948"},{"taxonomy":"post_tag","embeddable":true,"href":"https:\/\/www.europesays.com\/fr\/wp-json\/wp\/v2\/tags?post=33948"}],"curies":[{"name":"wp","href":"https:\/\/api.w.org\/{rel}","templated":true}]}}